{"id":4610,"date":"2024-10-04T14:39:56","date_gmt":"2024-10-04T14:39:56","guid":{"rendered":"http:\/\/mysudafrica.com\/?p=4610"},"modified":"2024-10-04T14:39:57","modified_gmt":"2024-10-04T14:39:57","slug":"paarl","status":"publish","type":"post","link":"http:\/\/mysudafrica.com\/en\/paarl\/","title":{"rendered":"PAARL"},"content":{"rendered":"<p>La cittadina  storica di Paarl \u00e8 una <strong>perla<\/strong> nella valle di Drakenstein, fa parte del triangolo d&#8217;oro assieme a Stellenbosch e Franschhoek nella produzione vinicola, e si erge come porta d&#8217;accesso ad un mondo incantevole di vigneti, architettura olandese e meraviglie storiche.<\/p>\n\n\n\n<figure class=\"wp-block-image size-large\"><a href=\"http:\/\/mysudafrica.com\/wp-content\/uploads\/2024\/09\/BEE58F7A-96A6-4D86-90A2-2C967C2B2497-scaled.jpeg\"><img loading=\"lazy\" decoding=\"async\" width=\"1024\" height=\"683\" src=\"http:\/\/mysudafrica.com\/wp-content\/uploads\/2024\/09\/BEE58F7A-96A6-4D86-90A2-2C967C2B2497-1024x683.jpeg\" alt=\"\" class=\"wp-image-4617\" srcset=\"http:\/\/mysudafrica.com\/wp-content\/uploads\/2024\/09\/BEE58F7A-96A6-4D86-90A2-2C967C2B2497-1024x683.jpeg 1024w, http:\/\/mysudafrica.com\/wp-content\/uploads\/2024\/09\/BEE58F7A-96A6-4D86-90A2-2C967C2B2497-300x200.jpeg 300w, http:\/\/mysudafrica.com\/wp-content\/uploads\/2024\/09\/BEE58F7A-96A6-4D86-90A2-2C967C2B2497-768x512.jpeg 768w, http:\/\/mysudafrica.com\/wp-content\/uploads\/2024\/09\/BEE58F7A-96A6-4D86-90A2-2C967C2B2497-1536x1024.jpeg 1536w, http:\/\/mysudafrica.com\/wp-content\/uploads\/2024\/09\/BEE58F7A-96A6-4D86-90A2-2C967C2B2497-2048x1365.jpeg 2048w, http:\/\/mysudafrica.com\/wp-content\/uploads\/2024\/09\/BEE58F7A-96A6-4D86-90A2-2C967C2B2497-18x12.jpeg 18w\" sizes=\"(max-width: 1024px) 100vw, 1024px\" \/><\/a><\/figure>\n\n\n\n<p>Paarl \u00e8 stata fondata nel 1688 dagli Ugonotti Francesi , ed \u00e8 la pi\u00f9 grande citt\u00e0 all&#8217;interno della provincia del capo, nonch\u00e9 il terzo insediamento pi\u00f9 antico del Sudafrica. Paarl tradotto dall&#8217;Afrikaans significa &#8220;<strong> Perla<\/strong> &#8221; e sembra derivi dalle tre caratteristiche formazioni rocciose rotonde che la dominano. La storia narra che furono viste brillare nel 1657, come perle alla luce del sole , dopo un acquazzone dal primo esploratore Olandese Abraham<\/p>\n\n\n\n<p>Gabemma .<\/p>\n\n\n\n<figure class=\"wp-block-gallery has-nested-images columns-default is-cropped wp-block-gallery-1 is-layout-flex wp-block-gallery-is-layout-flex\">\n<figure class=\"wp-block-image size-large\"><a href=\"http:\/\/mysudafrica.com\/wp-content\/uploads\/2024\/02\/B80D411C-0885-4B6D-A45E-5F0D7F8DF03A-scaled.jpeg\"><img loading=\"lazy\" decoding=\"async\" width=\"683\" height=\"1024\" data-id=\"4475\" src=\"http:\/\/mysudafrica.com\/wp-content\/uploads\/2024\/02\/B80D411C-0885-4B6D-A45E-5F0D7F8DF03A-683x1024.jpeg\" alt=\"\" class=\"wp-image-4475\" srcset=\"http:\/\/mysudafrica.com\/wp-content\/uploads\/2024\/02\/B80D411C-0885-4B6D-A45E-5F0D7F8DF03A-683x1024.jpeg 683w, http:\/\/mysudafrica.com\/wp-content\/uploads\/2024\/02\/B80D411C-0885-4B6D-A45E-5F0D7F8DF03A-200x300.jpeg 200w, http:\/\/mysudafrica.com\/wp-content\/uploads\/2024\/02\/B80D411C-0885-4B6D-A45E-5F0D7F8DF03A-768x1152.jpeg 768w, http:\/\/mysudafrica.com\/wp-content\/uploads\/2024\/02\/B80D411C-0885-4B6D-A45E-5F0D7F8DF03A-1024x1536.jpeg 1024w, http:\/\/mysudafrica.com\/wp-content\/uploads\/2024\/02\/B80D411C-0885-4B6D-A45E-5F0D7F8DF03A-1365x2048.jpeg 1365w, http:\/\/mysudafrica.com\/wp-content\/uploads\/2024\/02\/B80D411C-0885-4B6D-A45E-5F0D7F8DF03A-8x12.jpeg 8w, http:\/\/mysudafrica.com\/wp-content\/uploads\/2024\/02\/B80D411C-0885-4B6D-A45E-5F0D7F8DF03A-scaled.jpeg 1707w\" sizes=\"(max-width: 683px) 100vw, 683px\" \/><\/a><\/figure>\n\n\n\n<figure class=\"wp-block-image size-large\"><a href=\"http:\/\/mysudafrica.com\/wp-content\/uploads\/2024\/02\/04A8E35F-57E1-445B-8794-CA345AB390C7-scaled.jpeg\"><img loading=\"lazy\" decoding=\"async\" width=\"683\" height=\"1024\" data-id=\"4473\" src=\"http:\/\/mysudafrica.com\/wp-content\/uploads\/2024\/02\/04A8E35F-57E1-445B-8794-CA345AB390C7-683x1024.jpeg\" alt=\"\" class=\"wp-image-4473\" srcset=\"http:\/\/mysudafrica.com\/wp-content\/uploads\/2024\/02\/04A8E35F-57E1-445B-8794-CA345AB390C7-683x1024.jpeg 683w, http:\/\/mysudafrica.com\/wp-content\/uploads\/2024\/02\/04A8E35F-57E1-445B-8794-CA345AB390C7-200x300.jpeg 200w, http:\/\/mysudafrica.com\/wp-content\/uploads\/2024\/02\/04A8E35F-57E1-445B-8794-CA345AB390C7-768x1152.jpeg 768w, http:\/\/mysudafrica.com\/wp-content\/uploads\/2024\/02\/04A8E35F-57E1-445B-8794-CA345AB390C7-1024x1536.jpeg 1024w, http:\/\/mysudafrica.com\/wp-content\/uploads\/2024\/02\/04A8E35F-57E1-445B-8794-CA345AB390C7-1365x2048.jpeg 1365w, http:\/\/mysudafrica.com\/wp-content\/uploads\/2024\/02\/04A8E35F-57E1-445B-8794-CA345AB390C7-8x12.jpeg 8w, http:\/\/mysudafrica.com\/wp-content\/uploads\/2024\/02\/04A8E35F-57E1-445B-8794-CA345AB390C7-scaled.jpeg 1707w\" sizes=\"(max-width: 683px) 100vw, 683px\" \/><\/a><\/figure>\n<\/figure>\n\n\n\n<p>La citt\u00e0 \u00e8 ricca di edifici storici, ben conservati, che si sondano lungo <strong>Main Road<\/strong> la via principale, nei suoi 11 km di lunghezza dove potrete ammirarli, Vittoriano, Edoardiano e Art Dec\u00f2 ma non solo; si trova anche la sede della cooperativa <strong>KWV,<\/strong> l&#8217;azienda vinicola <strong>LABORIE<\/strong> ,l<strong>&#8216;AFRIKAANS MUSEUM<\/strong> e la <strong>Strlooidakkerk<\/strong>, del 1805, una delle pi\u00f9 vecchie chiese del Sudafrica . Una delle caratteristiche uniche della citt\u00e0, \u00e8 quella di avere molti vigneti nei quartieri residenziali e nei dintorni , che contribuiscono a rendere ancora pi\u00f9 pittoresca questa citt\u00e0.<\/p>\n\n\n\n<p>Paarl, negli anni ha guadagnato il nomignolo di <strong>&#8221; Red route&#8221;<\/strong> grazie all&#8217;attenzione rivolta alla produzione di Pinotage, Cabernet Sauvignon e anche Porto. Paarl \u00e8 anche nota per il suo approccio<strong> Family Friendly<\/strong>, con numerose attivit\u00e0 adatte a tutta la famiglia , possiede un fascino interessante che merita di essere vissuto; Paarl \u00e8 una testimonianza della ricca storia del paese. Unendo perfettamente il fascino del vecchio mondo con l&#8217;innovazione della moderna vinificazione ;  Paarl benefica di un clima mediterraneo, con estati caldissime, dove le caldissime  giornate  di  sole , cedono a rinfrescanti brezze serali. Gli inverni sono miti, con abbondanti precipitazioni, si uniscono ad una topografia diversificata, consentendo alle viti di proliferare a diverse altitudini.<\/p>\n\n\n\n<p><\/p>\n\n\n\n<figure class=\"wp-block-image size-large is-resized\"><a href=\"http:\/\/mysudafrica.com\/wp-content\/uploads\/2024\/09\/CCC81E06-8E07-4EB7-A64C-358B0587D563-scaled.jpeg\"><img loading=\"lazy\" decoding=\"async\" width=\"1024\" height=\"683\" src=\"http:\/\/mysudafrica.com\/wp-content\/uploads\/2024\/09\/CCC81E06-8E07-4EB7-A64C-358B0587D563-1024x683.jpeg\" alt=\"\" class=\"wp-image-4616\" style=\"width:761px;height:auto\" srcset=\"http:\/\/mysudafrica.com\/wp-content\/uploads\/2024\/09\/CCC81E06-8E07-4EB7-A64C-358B0587D563-1024x683.jpeg 1024w, http:\/\/mysudafrica.com\/wp-content\/uploads\/2024\/09\/CCC81E06-8E07-4EB7-A64C-358B0587D563-300x200.jpeg 300w, http:\/\/mysudafrica.com\/wp-content\/uploads\/2024\/09\/CCC81E06-8E07-4EB7-A64C-358B0587D563-768x512.jpeg 768w, http:\/\/mysudafrica.com\/wp-content\/uploads\/2024\/09\/CCC81E06-8E07-4EB7-A64C-358B0587D563-1536x1024.jpeg 1536w, http:\/\/mysudafrica.com\/wp-content\/uploads\/2024\/09\/CCC81E06-8E07-4EB7-A64C-358B0587D563-2048x1365.jpeg 2048w, http:\/\/mysudafrica.com\/wp-content\/uploads\/2024\/09\/CCC81E06-8E07-4EB7-A64C-358B0587D563-18x12.jpeg 18w\" sizes=\"(max-width: 1024px) 100vw, 1024px\" \/><\/a><\/figure>\n\n\n\n<p><strong>COSA VEDERE A PAARL<\/strong><\/p>\n\n\n\n<p>La cosa migliore per visitare la cittadina i Paarl sarebbe quella di soggiornare almeno due\/tre notti per dedicare del tempo alle attrazioni e godere di alcune aziende vinicole che meritano di essere conosciute. La via principale \u00e8 lunga 11 km, rispetto a Stellies non si presta a girare a piedi, ma trovate comodi parcheggi nei dintorni delle principali attrazioni .<\/p>\n\n\n\n<p><strong>AFRIKAANS<\/strong> <strong>LANGUAGE<\/strong> <strong>MUSEUM<\/strong>:Considerata la culla dell&#8217;Afrikaans, questo interessante museo offre un viaggio alla scoperta di una lingua sicuramente affascinante, alla quale hanno contribuito popoli provenienti da ben tre continenti.Potete acquistare anche un biglietto cumulativo per visitare il <strong>TAAL MONUMENT<\/strong> che si erge nella <strong>Paarl Mountain Reserve<\/strong>. Se siete a Paarl durante una notte di luna piena, i locali si uniscono nel giardino attorno per fare un picnic !<\/p>\n\n\n\n<p><strong>PAARL MUSEUM<\/strong>: Ospitato all&#8217;interno del&#8217;Oude Pastorie , la vecchia casa pastorale risalente al 1714, il museo vanta un affascinante raccolta di oggetti in stile Olandese del Capo , e testimonianze della cultura Afrikaner e Ugonotta di un tempo.<\/p>\n\n\n\n<p><strong>STROOIDAKKERK <\/strong>risalente al 1805 e <strong>GESTICHTKERK<\/strong> , due bellissime chiese sempre situate sulla strada principale.<\/p>\n\n\n\n<p><strong>KWV EMPORIUM<\/strong>: In attivit\u00e0 dal 1918, questa cooperativa , offre oltre alla degustazione di alcune etichette, anche di Brandy e vini liquorosi, che vengono abbinati a cioccolato e Biltong. In particolare vi coniglio di prenotare una visita alla <strong>THE CATHEDRAL CELLAR <\/strong>costruita nel 1930, e si chiama cos\u00ec in onore di un commento del poeta Olandese Antonie Donnersloot, che entrando nella cantina esclam\u00f2, questa sembra davvero una cattedrale del vino! riferendosi all&#8217;alto soffitto a cupola e alle finestre colorate. Ci sono spettacolari tini utilizzati a scopo decorativo, con all&#8217;interno vino di &#8221; Liscivia&#8221; un vino fortificato che serve per  conservare un tino.<\/p>\n\n\n\n<figure class=\"wp-block-gallery has-nested-images columns-default is-cropped wp-block-gallery-2 is-layout-flex wp-block-gallery-is-layout-flex\">\n<figure class=\"wp-block-image size-large\"><a href=\"http:\/\/mysudafrica.com\/wp-content\/uploads\/2024\/09\/83343163-5E00-4B18-960A-89B0922CEF6A.jpeg\"><img loading=\"lazy\" decoding=\"async\" width=\"1024\" height=\"768\" data-id=\"4650\" src=\"http:\/\/mysudafrica.com\/wp-content\/uploads\/2024\/09\/83343163-5E00-4B18-960A-89B0922CEF6A-1024x768.jpeg\" alt=\"\" class=\"wp-image-4650\" srcset=\"http:\/\/mysudafrica.com\/wp-content\/uploads\/2024\/09\/83343163-5E00-4B18-960A-89B0922CEF6A-1024x768.jpeg 1024w, http:\/\/mysudafrica.com\/wp-content\/uploads\/2024\/09\/83343163-5E00-4B18-960A-89B0922CEF6A-300x225.jpeg 300w, http:\/\/mysudafrica.com\/wp-content\/uploads\/2024\/09\/83343163-5E00-4B18-960A-89B0922CEF6A-768x576.jpeg 768w, http:\/\/mysudafrica.com\/wp-content\/uploads\/2024\/09\/83343163-5E00-4B18-960A-89B0922CEF6A-16x12.jpeg 16w, http:\/\/mysudafrica.com\/wp-content\/uploads\/2024\/09\/83343163-5E00-4B18-960A-89B0922CEF6A.jpeg 1360w\" sizes=\"(max-width: 1024px) 100vw, 1024px\" \/><\/a><figcaption class=\"wp-element-caption\">;<\/figcaption><\/figure>\n\n\n\n<figure class=\"wp-block-image size-large\"><a href=\"http:\/\/mysudafrica.com\/wp-content\/uploads\/2024\/09\/C8B78C2E-2262-4FB4-B805-137EE3E90F33.jpeg\"><img loading=\"lazy\" decoding=\"async\" width=\"765\" height=\"1020\" data-id=\"4651\" src=\"http:\/\/mysudafrica.com\/wp-content\/uploads\/2024\/09\/C8B78C2E-2262-4FB4-B805-137EE3E90F33.jpeg\" alt=\"\" class=\"wp-image-4651\" srcset=\"http:\/\/mysudafrica.com\/wp-content\/uploads\/2024\/09\/C8B78C2E-2262-4FB4-B805-137EE3E90F33.jpeg 765w, http:\/\/mysudafrica.com\/wp-content\/uploads\/2024\/09\/C8B78C2E-2262-4FB4-B805-137EE3E90F33-225x300.jpeg 225w, http:\/\/mysudafrica.com\/wp-content\/uploads\/2024\/09\/C8B78C2E-2262-4FB4-B805-137EE3E90F33-9x12.jpeg 9w\" sizes=\"(max-width: 765px) 100vw, 765px\" \/><\/a><\/figure>\n\n\n\n<figure class=\"wp-block-image size-large\"><a href=\"http:\/\/mysudafrica.com\/wp-content\/uploads\/2024\/09\/BC2B4A64-41A1-42A8-ACED-D9D7B9CE8D4C.jpeg\"><img loading=\"lazy\" decoding=\"async\" width=\"1024\" height=\"768\" data-id=\"4652\" src=\"http:\/\/mysudafrica.com\/wp-content\/uploads\/2024\/09\/BC2B4A64-41A1-42A8-ACED-D9D7B9CE8D4C-1024x768.jpeg\" alt=\"\" class=\"wp-image-4652\" srcset=\"http:\/\/mysudafrica.com\/wp-content\/uploads\/2024\/09\/BC2B4A64-41A1-42A8-ACED-D9D7B9CE8D4C-1024x768.jpeg 1024w, http:\/\/mysudafrica.com\/wp-content\/uploads\/2024\/09\/BC2B4A64-41A1-42A8-ACED-D9D7B9CE8D4C-300x225.jpeg 300w, http:\/\/mysudafrica.com\/wp-content\/uploads\/2024\/09\/BC2B4A64-41A1-42A8-ACED-D9D7B9CE8D4C-768x576.jpeg 768w, http:\/\/mysudafrica.com\/wp-content\/uploads\/2024\/09\/BC2B4A64-41A1-42A8-ACED-D9D7B9CE8D4C-1536x1152.jpeg 1536w, http:\/\/mysudafrica.com\/wp-content\/uploads\/2024\/09\/BC2B4A64-41A1-42A8-ACED-D9D7B9CE8D4C-2048x1536.jpeg 2048w, http:\/\/mysudafrica.com\/wp-content\/uploads\/2024\/09\/BC2B4A64-41A1-42A8-ACED-D9D7B9CE8D4C-16x12.jpeg 16w\" sizes=\"(max-width: 1024px) 100vw, 1024px\" \/><\/a><\/figure>\n<\/figure>\n\n\n\n<p><strong>NELOSN MANDELA FREEDOM STATUE<\/strong>: Situata all&#8217;ingresso del <strong>Drakenstein Correctional<\/strong> <strong>Center<\/strong>, questa statua in Bronzo di Nelson Mandela di tre metri, con il pugno alzato al cielo. Questa statua \u00e8 la rappresentazione di Nelson all&#8217;uscita di questa prigione , dove ha passato gli ultimi due anni di prigionia e fu rilasciato dopo 27 anni di prigionia, l&#8217;11 febbraio 1990. Noi siamo riusciti per un caso fortuito a visitare l&#8217;alloggio dove abitava Mandela , ed \u00e8 stata un esperienza molto emozionante ; proprio da qui ebbe inizio il suo lungo cammino verso la libert\u00e0.<\/p>\n\n\n\n<p><strong>PAARL ARBORETUM<\/strong>: &#8220;Green Gateway &#8221; che collega persone e natura e insegna la sostenibilit\u00e0. \u00c8 un parco fluviale interattivo.<\/p>\n\n\n\n<p>Una altra attivit\u00e0 da fare a Paarl se siete curiosi di scoprire una prelibatezza indigena, ovvero i <strong>WATERBLOMMETIJES<\/strong> all&#8217;omonimo festival. Si tratta di una delle piante commestibili pi\u00f9 famose del Sudafrica e possiede una lunga storia di utilizzo d parte dei Khoikhoi si gin medicina che come utilizzo alimentare. Il festival si tiene i primi di settembre presso l&#8217;azienda vinicola <strong>Rhebokskloof Estate<\/strong><\/p>\n\n\n\n<figure class=\"wp-block-gallery has-nested-images columns-default is-cropped wp-block-gallery-3 is-layout-flex wp-block-gallery-is-layout-flex\">\n<figure class=\"wp-block-image size-large\"><a href=\"http:\/\/mysudafrica.com\/wp-content\/uploads\/2024\/09\/BF5C1C43-2BDA-40A5-A726-6354A6E7D219-scaled.jpeg\"><img loading=\"lazy\" decoding=\"async\" width=\"768\" height=\"1024\" data-id=\"4640\" src=\"http:\/\/mysudafrica.com\/wp-content\/uploads\/2024\/09\/BF5C1C43-2BDA-40A5-A726-6354A6E7D219-768x1024.jpeg\" alt=\"\" class=\"wp-image-4640\" srcset=\"http:\/\/mysudafrica.com\/wp-content\/uploads\/2024\/09\/BF5C1C43-2BDA-40A5-A726-6354A6E7D219-768x1024.jpeg 768w, http:\/\/mysudafrica.com\/wp-content\/uploads\/2024\/09\/BF5C1C43-2BDA-40A5-A726-6354A6E7D219-225x300.jpeg 225w, http:\/\/mysudafrica.com\/wp-content\/uploads\/2024\/09\/BF5C1C43-2BDA-40A5-A726-6354A6E7D219-1152x1536.jpeg 1152w, http:\/\/mysudafrica.com\/wp-content\/uploads\/2024\/09\/BF5C1C43-2BDA-40A5-A726-6354A6E7D219-1536x2048.jpeg 1536w, http:\/\/mysudafrica.com\/wp-content\/uploads\/2024\/09\/BF5C1C43-2BDA-40A5-A726-6354A6E7D219-9x12.jpeg 9w, http:\/\/mysudafrica.com\/wp-content\/uploads\/2024\/09\/BF5C1C43-2BDA-40A5-A726-6354A6E7D219-scaled.jpeg 1920w\" sizes=\"(max-width: 768px) 100vw, 768px\" \/><\/a><\/figure>\n\n\n\n<figure class=\"wp-block-image size-large\"><a href=\"http:\/\/mysudafrica.com\/wp-content\/uploads\/2024\/09\/7DBB6B42-8B91-4A93-B484-64E4F293FB24.jpeg\"><img loading=\"lazy\" decoding=\"async\" width=\"1024\" height=\"576\" data-id=\"4604\" src=\"http:\/\/mysudafrica.com\/wp-content\/uploads\/2024\/09\/7DBB6B42-8B91-4A93-B484-64E4F293FB24-1024x576.jpeg\" alt=\"\" class=\"wp-image-4604\" srcset=\"http:\/\/mysudafrica.com\/wp-content\/uploads\/2024\/09\/7DBB6B42-8B91-4A93-B484-64E4F293FB24-1024x576.jpeg 1024w, http:\/\/mysudafrica.com\/wp-content\/uploads\/2024\/09\/7DBB6B42-8B91-4A93-B484-64E4F293FB24-300x169.jpeg 300w, http:\/\/mysudafrica.com\/wp-content\/uploads\/2024\/09\/7DBB6B42-8B91-4A93-B484-64E4F293FB24-768x432.jpeg 768w, http:\/\/mysudafrica.com\/wp-content\/uploads\/2024\/09\/7DBB6B42-8B91-4A93-B484-64E4F293FB24-18x10.jpeg 18w, http:\/\/mysudafrica.com\/wp-content\/uploads\/2024\/09\/7DBB6B42-8B91-4A93-B484-64E4F293FB24.jpeg 1360w\" sizes=\"(max-width: 1024px) 100vw, 1024px\" \/><\/a><\/figure>\n\n\n\n<figure class=\"wp-block-image size-large\"><a href=\"http:\/\/mysudafrica.com\/wp-content\/uploads\/2024\/09\/848E779C-A38E-4DF7-A33B-B8EB7713E36B.jpeg\"><img loading=\"lazy\" decoding=\"async\" width=\"1024\" height=\"680\" data-id=\"4641\" src=\"http:\/\/mysudafrica.com\/wp-content\/uploads\/2024\/09\/848E779C-A38E-4DF7-A33B-B8EB7713E36B-1024x680.jpeg\" alt=\"\" class=\"wp-image-4641\" srcset=\"http:\/\/mysudafrica.com\/wp-content\/uploads\/2024\/09\/848E779C-A38E-4DF7-A33B-B8EB7713E36B-1024x680.jpeg 1024w, http:\/\/mysudafrica.com\/wp-content\/uploads\/2024\/09\/848E779C-A38E-4DF7-A33B-B8EB7713E36B-300x199.jpeg 300w, http:\/\/mysudafrica.com\/wp-content\/uploads\/2024\/09\/848E779C-A38E-4DF7-A33B-B8EB7713E36B-768x510.jpeg 768w, http:\/\/mysudafrica.com\/wp-content\/uploads\/2024\/09\/848E779C-A38E-4DF7-A33B-B8EB7713E36B-18x12.jpeg 18w, http:\/\/mysudafrica.com\/wp-content\/uploads\/2024\/09\/848E779C-A38E-4DF7-A33B-B8EB7713E36B.jpeg 1360w\" sizes=\"(max-width: 1024px) 100vw, 1024px\" \/><\/a><\/figure>\n<\/figure>\n\n\n\n<p><strong>PAARL WINE ROUTE<\/strong><\/p>\n\n\n\n<p>Il fascino di Paarl \u00e8 infinito: dai vigneti che si estendono dalle case all&#8217;ombra dell&#8217;iconica Paarl Mountain , a luoghi dove praticare sport all&#8217;aria aperta. La Paarl Wine Route vi far\u00e0 scoprire vini degni di nota, attraverso degustazioni gourmet, nella spettacolare campagna circostante . Paarl \u00e8 orgogliosamente sede di importanti viticoltori , rinomati per la loro competenza con variet\u00e0 del Rodano , come Shiraz, Grenache e Viognier, nonch\u00e9 classici locali come Pinotage e Chenin Blanc . La Paarl Wine Route ospita 25 tenute iconiche tra aziende vinicole e fattorie . Vi lascio alcune aziende che abbiamo visitato nel corso degli anni, presto troverete tutti i dettagli di ognuna di loro!<\/p>\n\n\n\n<p><strong>NEDERBURG WINES<\/strong>, <strong>BOLAND CELLAR<\/strong>, <strong>FAIRVIEW<\/strong>,<strong> KWV<\/strong>, <strong>MELLASAT VINEYARD<\/strong>, <strong>UNDER<\/strong> <strong>OAKS ESTATE<\/strong>, <strong>LABORIE WINE ESTATE<\/strong>, <strong>BABYLONSTOREN<\/strong>, <strong>BOSCHENDAL<\/strong> , <strong>WONDELING<\/strong> <strong>WINES<\/strong>, <strong>PERDEBERG CELLAR<\/strong>.<\/p>\n\n\n\n<figure class=\"wp-block-gallery has-nested-images columns-default is-cropped wp-block-gallery-4 is-layout-flex wp-block-gallery-is-layout-flex\">\n<figure class=\"wp-block-image size-large\"><a href=\"http:\/\/mysudafrica.com\/wp-content\/uploads\/2024\/09\/8698E902-EC16-42A4-BA61-D350DC2AD5E5-scaled.jpeg\"><img loading=\"lazy\" decoding=\"async\" width=\"1024\" height=\"683\" data-id=\"4646\" src=\"http:\/\/mysudafrica.com\/wp-content\/uploads\/2024\/09\/8698E902-EC16-42A4-BA61-D350DC2AD5E5-1024x683.jpeg\" alt=\"\" class=\"wp-image-4646\" srcset=\"http:\/\/mysudafrica.com\/wp-content\/uploads\/2024\/09\/8698E902-EC16-42A4-BA61-D350DC2AD5E5-1024x683.jpeg 1024w, http:\/\/mysudafrica.com\/wp-content\/uploads\/2024\/09\/8698E902-EC16-42A4-BA61-D350DC2AD5E5-300x200.jpeg 300w, http:\/\/mysudafrica.com\/wp-content\/uploads\/2024\/09\/8698E902-EC16-42A4-BA61-D350DC2AD5E5-768x512.jpeg 768w, http:\/\/mysudafrica.com\/wp-content\/uploads\/2024\/09\/8698E902-EC16-42A4-BA61-D350DC2AD5E5-1536x1024.jpeg 1536w, http:\/\/mysudafrica.com\/wp-content\/uploads\/2024\/09\/8698E902-EC16-42A4-BA61-D350DC2AD5E5-2048x1365.jpeg 2048w, http:\/\/mysudafrica.com\/wp-content\/uploads\/2024\/09\/8698E902-EC16-42A4-BA61-D350DC2AD5E5-18x12.jpeg 18w\" sizes=\"(max-width: 1024px) 100vw, 1024px\" \/><\/a><\/figure>\n\n\n\n<figure class=\"wp-block-image size-large\"><a href=\"http:\/\/mysudafrica.com\/wp-content\/uploads\/2024\/09\/74D5D955-2D33-4C72-BE88-6F4FD19F1963-scaled.jpg\"><img loading=\"lazy\" decoding=\"async\" width=\"576\" height=\"1024\" data-id=\"4647\" src=\"http:\/\/mysudafrica.com\/wp-content\/uploads\/2024\/09\/74D5D955-2D33-4C72-BE88-6F4FD19F1963-576x1024.jpg\" alt=\"\" class=\"wp-image-4647\" srcset=\"http:\/\/mysudafrica.com\/wp-content\/uploads\/2024\/09\/74D5D955-2D33-4C72-BE88-6F4FD19F1963-576x1024.jpg 576w, http:\/\/mysudafrica.com\/wp-content\/uploads\/2024\/09\/74D5D955-2D33-4C72-BE88-6F4FD19F1963-169x300.jpg 169w, http:\/\/mysudafrica.com\/wp-content\/uploads\/2024\/09\/74D5D955-2D33-4C72-BE88-6F4FD19F1963-768x1365.jpg 768w, http:\/\/mysudafrica.com\/wp-content\/uploads\/2024\/09\/74D5D955-2D33-4C72-BE88-6F4FD19F1963-864x1536.jpg 864w, http:\/\/mysudafrica.com\/wp-content\/uploads\/2024\/09\/74D5D955-2D33-4C72-BE88-6F4FD19F1963-1152x2048.jpg 1152w, http:\/\/mysudafrica.com\/wp-content\/uploads\/2024\/09\/74D5D955-2D33-4C72-BE88-6F4FD19F1963-7x12.jpg 7w, http:\/\/mysudafrica.com\/wp-content\/uploads\/2024\/09\/74D5D955-2D33-4C72-BE88-6F4FD19F1963-scaled.jpg 1440w\" sizes=\"(max-width: 576px) 100vw, 576px\" \/><\/a><\/figure>\n\n\n\n<figure class=\"wp-block-image size-large\"><a href=\"http:\/\/mysudafrica.com\/wp-content\/uploads\/2024\/09\/3ABD1CF8-B7C3-4FC5-AE5D-36A0E1B0014D-scaled.jpg\"><img loading=\"lazy\" decoding=\"async\" width=\"576\" height=\"1024\" data-id=\"4648\" src=\"http:\/\/mysudafrica.com\/wp-content\/uploads\/2024\/09\/3ABD1CF8-B7C3-4FC5-AE5D-36A0E1B0014D-576x1024.jpg\" alt=\"\" class=\"wp-image-4648\" srcset=\"http:\/\/mysudafrica.com\/wp-content\/uploads\/2024\/09\/3ABD1CF8-B7C3-4FC5-AE5D-36A0E1B0014D-576x1024.jpg 576w, http:\/\/mysudafrica.com\/wp-content\/uploads\/2024\/09\/3ABD1CF8-B7C3-4FC5-AE5D-36A0E1B0014D-169x300.jpg 169w, http:\/\/mysudafrica.com\/wp-content\/uploads\/2024\/09\/3ABD1CF8-B7C3-4FC5-AE5D-36A0E1B0014D-768x1365.jpg 768w, http:\/\/mysudafrica.com\/wp-content\/uploads\/2024\/09\/3ABD1CF8-B7C3-4FC5-AE5D-36A0E1B0014D-864x1536.jpg 864w, http:\/\/mysudafrica.com\/wp-content\/uploads\/2024\/09\/3ABD1CF8-B7C3-4FC5-AE5D-36A0E1B0014D-1152x2048.jpg 1152w, http:\/\/mysudafrica.com\/wp-content\/uploads\/2024\/09\/3ABD1CF8-B7C3-4FC5-AE5D-36A0E1B0014D-7x12.jpg 7w, http:\/\/mysudafrica.com\/wp-content\/uploads\/2024\/09\/3ABD1CF8-B7C3-4FC5-AE5D-36A0E1B0014D-scaled.jpg 1440w\" sizes=\"(max-width: 576px) 100vw, 576px\" \/><\/a><\/figure>\n<\/figure>\n\n\n\n<p><strong>DOVE GODERE DELLA PARTE ENOGASTRONOMICA DI PAARL<\/strong><\/p>\n\n\n\n<p>Paarl offre deliziosi posti dalla colazione al pranzo , dalle caffetterie adatte anche alle famiglie, ai ristoranti delle fattorie. Io consiglio sempre di mangiare nelle aziende vinicole, offrono super colazioni con prodotti che provengono direttamente dagli orti e Farm Shop d a ottimi prezzi, idem il pranzo. Ci\u00f2 vi permette di godere di luoghi splendidi e di avere un assaggio delle fattorie delle Cape Winelands. Ecco qualche bel posto per super colazioni e non solo !<\/p>\n\n\n\n<p><strong>KNUS KAROO KOMBUIS:<\/strong> Un luogo accogliente e ricco di calore, che offre l&#8217;ospitalit\u00e0 e i piatti tipici del Karoo a Paarl! Perfetto per le famiglie, il fine settimana \u00e8 sempre molto affollato, \u00e8 frequentato da locali principalmente.<\/p>\n\n\n\n<figure class=\"wp-block-gallery has-nested-images columns-default is-cropped wp-block-gallery-5 is-layout-flex wp-block-gallery-is-layout-flex\">\n<figure class=\"wp-block-image size-large\"><a href=\"http:\/\/mysudafrica.com\/wp-content\/uploads\/2024\/09\/CC38D504-B1BD-4909-9A9D-81CC188BC7B6.jpeg\"><img loading=\"lazy\" decoding=\"async\" width=\"1024\" height=\"768\" data-id=\"4655\" src=\"http:\/\/mysudafrica.com\/wp-content\/uploads\/2024\/09\/CC38D504-B1BD-4909-9A9D-81CC188BC7B6-1024x768.jpeg\" alt=\"\" class=\"wp-image-4655\" srcset=\"http:\/\/mysudafrica.com\/wp-content\/uploads\/2024\/09\/CC38D504-B1BD-4909-9A9D-81CC188BC7B6-1024x768.jpeg 1024w, http:\/\/mysudafrica.com\/wp-content\/uploads\/2024\/09\/CC38D504-B1BD-4909-9A9D-81CC188BC7B6-300x225.jpeg 300w, http:\/\/mysudafrica.com\/wp-content\/uploads\/2024\/09\/CC38D504-B1BD-4909-9A9D-81CC188BC7B6-768x576.jpeg 768w, http:\/\/mysudafrica.com\/wp-content\/uploads\/2024\/09\/CC38D504-B1BD-4909-9A9D-81CC188BC7B6-16x12.jpeg 16w, http:\/\/mysudafrica.com\/wp-content\/uploads\/2024\/09\/CC38D504-B1BD-4909-9A9D-81CC188BC7B6.jpeg 1360w\" sizes=\"(max-width: 1024px) 100vw, 1024px\" \/><\/a><\/figure>\n\n\n\n<figure class=\"wp-block-image size-large\"><a href=\"http:\/\/mysudafrica.com\/wp-content\/uploads\/2024\/09\/E753DAB9-ABE8-49C6-80DE-7D47CD89FE9F-scaled.jpeg\"><img loading=\"lazy\" decoding=\"async\" width=\"683\" height=\"1024\" data-id=\"4656\" src=\"http:\/\/mysudafrica.com\/wp-content\/uploads\/2024\/09\/E753DAB9-ABE8-49C6-80DE-7D47CD89FE9F-683x1024.jpeg\" alt=\"\" class=\"wp-image-4656\" srcset=\"http:\/\/mysudafrica.com\/wp-content\/uploads\/2024\/09\/E753DAB9-ABE8-49C6-80DE-7D47CD89FE9F-683x1024.jpeg 683w, http:\/\/mysudafrica.com\/wp-content\/uploads\/2024\/09\/E753DAB9-ABE8-49C6-80DE-7D47CD89FE9F-200x300.jpeg 200w, http:\/\/mysudafrica.com\/wp-content\/uploads\/2024\/09\/E753DAB9-ABE8-49C6-80DE-7D47CD89FE9F-768x1152.jpeg 768w, http:\/\/mysudafrica.com\/wp-content\/uploads\/2024\/09\/E753DAB9-ABE8-49C6-80DE-7D47CD89FE9F-1024x1536.jpeg 1024w, http:\/\/mysudafrica.com\/wp-content\/uploads\/2024\/09\/E753DAB9-ABE8-49C6-80DE-7D47CD89FE9F-1365x2048.jpeg 1365w, http:\/\/mysudafrica.com\/wp-content\/uploads\/2024\/09\/E753DAB9-ABE8-49C6-80DE-7D47CD89FE9F-8x12.jpeg 8w, http:\/\/mysudafrica.com\/wp-content\/uploads\/2024\/09\/E753DAB9-ABE8-49C6-80DE-7D47CD89FE9F-scaled.jpeg 1707w\" sizes=\"(max-width: 683px) 100vw, 683px\" \/><\/a><\/figure>\n\n\n\n<figure class=\"wp-block-image size-large\"><a href=\"http:\/\/mysudafrica.com\/wp-content\/uploads\/2024\/09\/DBA76CC5-709B-4F3C-A780-8CA2B90EEEA5-scaled.jpeg\"><img loading=\"lazy\" decoding=\"async\" width=\"683\" height=\"1024\" data-id=\"4657\" src=\"http:\/\/mysudafrica.com\/wp-content\/uploads\/2024\/09\/DBA76CC5-709B-4F3C-A780-8CA2B90EEEA5-683x1024.jpeg\" alt=\"\" class=\"wp-image-4657\" srcset=\"http:\/\/mysudafrica.com\/wp-content\/uploads\/2024\/09\/DBA76CC5-709B-4F3C-A780-8CA2B90EEEA5-683x1024.jpeg 683w, http:\/\/mysudafrica.com\/wp-content\/uploads\/2024\/09\/DBA76CC5-709B-4F3C-A780-8CA2B90EEEA5-200x300.jpeg 200w, http:\/\/mysudafrica.com\/wp-content\/uploads\/2024\/09\/DBA76CC5-709B-4F3C-A780-8CA2B90EEEA5-768x1152.jpeg 768w, http:\/\/mysudafrica.com\/wp-content\/uploads\/2024\/09\/DBA76CC5-709B-4F3C-A780-8CA2B90EEEA5-1024x1536.jpeg 1024w, http:\/\/mysudafrica.com\/wp-content\/uploads\/2024\/09\/DBA76CC5-709B-4F3C-A780-8CA2B90EEEA5-1365x2048.jpeg 1365w, http:\/\/mysudafrica.com\/wp-content\/uploads\/2024\/09\/DBA76CC5-709B-4F3C-A780-8CA2B90EEEA5-8x12.jpeg 8w, http:\/\/mysudafrica.com\/wp-content\/uploads\/2024\/09\/DBA76CC5-709B-4F3C-A780-8CA2B90EEEA5-scaled.jpeg 1707w\" sizes=\"(max-width: 683px) 100vw, 683px\" \/><\/a><\/figure>\n<\/figure>\n\n\n\n<p><strong>.LOUNAH CAF\u00c8<\/strong> : Questa deliziosa caffetteria si trova su via principale, Main Road, ed offre prodotti locali, buonissime colazioni in una delle pi\u00f9 antiche case residenziali di Paarl.<\/p>\n\n\n\n<figure class=\"wp-block-gallery has-nested-images columns-default is-cropped wp-block-gallery-6 is-layout-flex wp-block-gallery-is-layout-flex\">\n<figure class=\"wp-block-image size-large\"><a href=\"http:\/\/mysudafrica.com\/wp-content\/uploads\/2024\/09\/CFE1694B-13EA-4063-B6BD-9A019D536019.jpeg\"><img loading=\"lazy\" decoding=\"async\" width=\"765\" height=\"1020\" data-id=\"4667\" src=\"http:\/\/mysudafrica.com\/wp-content\/uploads\/2024\/09\/CFE1694B-13EA-4063-B6BD-9A019D536019.jpeg\" alt=\"\" class=\"wp-image-4667\" srcset=\"http:\/\/mysudafrica.com\/wp-content\/uploads\/2024\/09\/CFE1694B-13EA-4063-B6BD-9A019D536019.jpeg 765w, http:\/\/mysudafrica.com\/wp-content\/uploads\/2024\/09\/CFE1694B-13EA-4063-B6BD-9A019D536019-225x300.jpeg 225w, http:\/\/mysudafrica.com\/wp-content\/uploads\/2024\/09\/CFE1694B-13EA-4063-B6BD-9A019D536019-9x12.jpeg 9w\" sizes=\"(max-width: 765px) 100vw, 765px\" \/><\/a><\/figure>\n\n\n\n<figure class=\"wp-block-image size-large\"><a href=\"http:\/\/mysudafrica.com\/wp-content\/uploads\/2024\/09\/59CB53DA-F290-47BE-AA14-57B8B1C203F5.jpeg\"><img loading=\"lazy\" decoding=\"async\" width=\"765\" height=\"1020\" data-id=\"4668\" src=\"http:\/\/mysudafrica.com\/wp-content\/uploads\/2024\/09\/59CB53DA-F290-47BE-AA14-57B8B1C203F5.jpeg\" alt=\"\" class=\"wp-image-4668\" srcset=\"http:\/\/mysudafrica.com\/wp-content\/uploads\/2024\/09\/59CB53DA-F290-47BE-AA14-57B8B1C203F5.jpeg 765w, http:\/\/mysudafrica.com\/wp-content\/uploads\/2024\/09\/59CB53DA-F290-47BE-AA14-57B8B1C203F5-225x300.jpeg 225w, http:\/\/mysudafrica.com\/wp-content\/uploads\/2024\/09\/59CB53DA-F290-47BE-AA14-57B8B1C203F5-9x12.jpeg 9w\" sizes=\"(max-width: 765px) 100vw, 765px\" \/><\/a><\/figure>\n\n\n\n<figure class=\"wp-block-image size-large\"><a href=\"http:\/\/mysudafrica.com\/wp-content\/uploads\/2024\/09\/F3E98920-62C2-4FF3-8C74-F28C00D87E93.jpeg\"><img loading=\"lazy\" decoding=\"async\" width=\"1024\" height=\"768\" data-id=\"4669\" src=\"http:\/\/mysudafrica.com\/wp-content\/uploads\/2024\/09\/F3E98920-62C2-4FF3-8C74-F28C00D87E93-1024x768.jpeg\" alt=\"\" class=\"wp-image-4669\" srcset=\"http:\/\/mysudafrica.com\/wp-content\/uploads\/2024\/09\/F3E98920-62C2-4FF3-8C74-F28C00D87E93-1024x768.jpeg 1024w, http:\/\/mysudafrica.com\/wp-content\/uploads\/2024\/09\/F3E98920-62C2-4FF3-8C74-F28C00D87E93-300x225.jpeg 300w, http:\/\/mysudafrica.com\/wp-content\/uploads\/2024\/09\/F3E98920-62C2-4FF3-8C74-F28C00D87E93-768x576.jpeg 768w, http:\/\/mysudafrica.com\/wp-content\/uploads\/2024\/09\/F3E98920-62C2-4FF3-8C74-F28C00D87E93-16x12.jpeg 16w, http:\/\/mysudafrica.com\/wp-content\/uploads\/2024\/09\/F3E98920-62C2-4FF3-8C74-F28C00D87E93.jpeg 1360w\" sizes=\"(max-width: 1024px) 100vw, 1024px\" \/><\/a><\/figure>\n<\/figure>\n\n\n\n<p><strong>BABYLONSTOREN<\/strong>: Babylonstoren \u00e8 una destinazione esperenziale dove potrete godere appieno della vita in una fattoria , fare la spesa nel Farm Shop, con tutti prodotti che provengono dalla fattoria, rivivere la storia del vino, tornare indietro nel tempo in una fattoria funzionante del 800 e molto di pi\u00f9. La fattoria \u00e8 bellissima, non c&#8217;\u00e8 nulla lasciato al caso, perfetta per le famiglie e i bambini. Babylonstoren ha un hotel a 5 stelle lusso, ma potete prenotare la COLAZIONE per definizione. Per me \u00e8 un esperienza da non perdere, rimarrete sbalorditi di tutto quello che viene proposto. Altrimenti se volete fare una colazione pi\u00f9 easy, c&#8217;\u00e8 una caffetteria dove serve un ottimo caff\u00e8, il <strong>Buffaccino<\/strong>, con latte fresco di bufalo, che ho adorato, e prodotti da forno. Per un pranzo informale potete fermarvi Greenhouse, all&#8217;interno di una bellissima veranda, <strong>Old Bakery<\/strong> che celebra l&#8217;autentica Dolce Vita Italiana, oppure al <strong>Babel Restauran<\/strong>t, ospitato nella vecchia stalla delle mucche, restaurato da creare a mio parere un ambiente semplice ma audace, dove la filosofia dal produttore al consumatore, viene servita, con tutti prodotti stagionali . Qui \u00e8 dove viene servita anche la colazione per eccellenza.<\/p>\n\n\n\n<figure class=\"wp-block-gallery has-nested-images columns-default is-cropped wp-block-gallery-7 is-layout-flex wp-block-gallery-is-layout-flex\">\n<figure class=\"wp-block-image size-large\"><a href=\"http:\/\/mysudafrica.com\/wp-content\/uploads\/2024\/01\/549D23EA-22EF-4E21-ADDF-B1F248453C43-scaled.jpeg\"><img loading=\"lazy\" decoding=\"async\" width=\"1024\" height=\"683\" data-id=\"4219\" src=\"http:\/\/mysudafrica.com\/wp-content\/uploads\/2024\/01\/549D23EA-22EF-4E21-ADDF-B1F248453C43-1024x683.jpeg\" alt=\"\" class=\"wp-image-4219\" srcset=\"http:\/\/mysudafrica.com\/wp-content\/uploads\/2024\/01\/549D23EA-22EF-4E21-ADDF-B1F248453C43-1024x683.jpeg 1024w, http:\/\/mysudafrica.com\/wp-content\/uploads\/2024\/01\/549D23EA-22EF-4E21-ADDF-B1F248453C43-300x200.jpeg 300w, http:\/\/mysudafrica.com\/wp-content\/uploads\/2024\/01\/549D23EA-22EF-4E21-ADDF-B1F248453C43-768x512.jpeg 768w, http:\/\/mysudafrica.com\/wp-content\/uploads\/2024\/01\/549D23EA-22EF-4E21-ADDF-B1F248453C43-1536x1024.jpeg 1536w, http:\/\/mysudafrica.com\/wp-content\/uploads\/2024\/01\/549D23EA-22EF-4E21-ADDF-B1F248453C43-2048x1365.jpeg 2048w, http:\/\/mysudafrica.com\/wp-content\/uploads\/2024\/01\/549D23EA-22EF-4E21-ADDF-B1F248453C43-18x12.jpeg 18w\" sizes=\"(max-width: 1024px) 100vw, 1024px\" \/><\/a><\/figure>\n\n\n\n<figure class=\"wp-block-image size-large\"><a href=\"http:\/\/mysudafrica.com\/wp-content\/uploads\/2024\/09\/16C091E8-BB70-45BA-8AE1-634B3AFACA02-scaled.jpeg\"><img loading=\"lazy\" decoding=\"async\" width=\"576\" height=\"1024\" data-id=\"4664\" src=\"http:\/\/mysudafrica.com\/wp-content\/uploads\/2024\/09\/16C091E8-BB70-45BA-8AE1-634B3AFACA02-576x1024.jpeg\" alt=\"\" class=\"wp-image-4664\" srcset=\"http:\/\/mysudafrica.com\/wp-content\/uploads\/2024\/09\/16C091E8-BB70-45BA-8AE1-634B3AFACA02-576x1024.jpeg 576w, http:\/\/mysudafrica.com\/wp-content\/uploads\/2024\/09\/16C091E8-BB70-45BA-8AE1-634B3AFACA02-169x300.jpeg 169w, http:\/\/mysudafrica.com\/wp-content\/uploads\/2024\/09\/16C091E8-BB70-45BA-8AE1-634B3AFACA02-768x1365.jpeg 768w, http:\/\/mysudafrica.com\/wp-content\/uploads\/2024\/09\/16C091E8-BB70-45BA-8AE1-634B3AFACA02-864x1536.jpeg 864w, http:\/\/mysudafrica.com\/wp-content\/uploads\/2024\/09\/16C091E8-BB70-45BA-8AE1-634B3AFACA02-1152x2048.jpeg 1152w, http:\/\/mysudafrica.com\/wp-content\/uploads\/2024\/09\/16C091E8-BB70-45BA-8AE1-634B3AFACA02-7x12.jpeg 7w, http:\/\/mysudafrica.com\/wp-content\/uploads\/2024\/09\/16C091E8-BB70-45BA-8AE1-634B3AFACA02-scaled.jpeg 1440w\" sizes=\"(max-width: 576px) 100vw, 576px\" \/><\/a><\/figure>\n\n\n\n<figure class=\"wp-block-image size-large\"><a href=\"http:\/\/mysudafrica.com\/wp-content\/uploads\/2024\/09\/535DC477-3CEE-4BF5-8501-F85FE4622F2E-scaled.jpeg\"><img loading=\"lazy\" decoding=\"async\" width=\"683\" height=\"1024\" data-id=\"4665\" src=\"http:\/\/mysudafrica.com\/wp-content\/uploads\/2024\/09\/535DC477-3CEE-4BF5-8501-F85FE4622F2E-683x1024.jpeg\" alt=\"\" class=\"wp-image-4665\" srcset=\"http:\/\/mysudafrica.com\/wp-content\/uploads\/2024\/09\/535DC477-3CEE-4BF5-8501-F85FE4622F2E-683x1024.jpeg 683w, http:\/\/mysudafrica.com\/wp-content\/uploads\/2024\/09\/535DC477-3CEE-4BF5-8501-F85FE4622F2E-200x300.jpeg 200w, http:\/\/mysudafrica.com\/wp-content\/uploads\/2024\/09\/535DC477-3CEE-4BF5-8501-F85FE4622F2E-768x1152.jpeg 768w, http:\/\/mysudafrica.com\/wp-content\/uploads\/2024\/09\/535DC477-3CEE-4BF5-8501-F85FE4622F2E-1024x1536.jpeg 1024w, http:\/\/mysudafrica.com\/wp-content\/uploads\/2024\/09\/535DC477-3CEE-4BF5-8501-F85FE4622F2E-1365x2048.jpeg 1365w, http:\/\/mysudafrica.com\/wp-content\/uploads\/2024\/09\/535DC477-3CEE-4BF5-8501-F85FE4622F2E-8x12.jpeg 8w, http:\/\/mysudafrica.com\/wp-content\/uploads\/2024\/09\/535DC477-3CEE-4BF5-8501-F85FE4622F2E-scaled.jpeg 1707w\" sizes=\"(max-width: 683px) 100vw, 683px\" \/><\/a><\/figure>\n<\/figure>\n\n\n\n<p><strong>THE GOATSHED RESTAURANT<\/strong>: Non c&#8217;\u00e8 di meglio di un Farm Restaurant  e di una colazione circondati da un bel ambiente, con le simpatiche capre dell&#8217;azienda Fairview, famosa per formaggi di capra.<\/p>\n\n\n\n<figure class=\"wp-block-gallery has-nested-images columns-default is-cropped wp-block-gallery-8 is-layout-flex wp-block-gallery-is-layout-flex\">\n<figure class=\"wp-block-image size-large\"><a href=\"http:\/\/mysudafrica.com\/wp-content\/uploads\/2024\/09\/B5F1A00B-60E5-4497-AC5A-49B27D34A45E-1.jpeg\"><img loading=\"lazy\" decoding=\"async\" width=\"765\" height=\"1020\" data-id=\"4672\" src=\"http:\/\/mysudafrica.com\/wp-content\/uploads\/2024\/09\/B5F1A00B-60E5-4497-AC5A-49B27D34A45E-1.jpeg\" alt=\"\" class=\"wp-image-4672\" srcset=\"http:\/\/mysudafrica.com\/wp-content\/uploads\/2024\/09\/B5F1A00B-60E5-4497-AC5A-49B27D34A45E-1.jpeg 765w, http:\/\/mysudafrica.com\/wp-content\/uploads\/2024\/09\/B5F1A00B-60E5-4497-AC5A-49B27D34A45E-1-225x300.jpeg 225w, http:\/\/mysudafrica.com\/wp-content\/uploads\/2024\/09\/B5F1A00B-60E5-4497-AC5A-49B27D34A45E-1-9x12.jpeg 9w\" sizes=\"(max-width: 765px) 100vw, 765px\" \/><\/a><\/figure>\n\n\n\n<figure class=\"wp-block-image size-large\"><a href=\"http:\/\/mysudafrica.com\/wp-content\/uploads\/2024\/09\/A191A4DF-3610-428C-B105-CAE42CB7F574.jpeg\"><img loading=\"lazy\" decoding=\"async\" width=\"1024\" height=\"768\" data-id=\"4673\" src=\"http:\/\/mysudafrica.com\/wp-content\/uploads\/2024\/09\/A191A4DF-3610-428C-B105-CAE42CB7F574-1024x768.jpeg\" alt=\"\" class=\"wp-image-4673\" srcset=\"http:\/\/mysudafrica.com\/wp-content\/uploads\/2024\/09\/A191A4DF-3610-428C-B105-CAE42CB7F574-1024x768.jpeg 1024w, http:\/\/mysudafrica.com\/wp-content\/uploads\/2024\/09\/A191A4DF-3610-428C-B105-CAE42CB7F574-300x225.jpeg 300w, http:\/\/mysudafrica.com\/wp-content\/uploads\/2024\/09\/A191A4DF-3610-428C-B105-CAE42CB7F574-768x576.jpeg 768w, http:\/\/mysudafrica.com\/wp-content\/uploads\/2024\/09\/A191A4DF-3610-428C-B105-CAE42CB7F574-16x12.jpeg 16w, http:\/\/mysudafrica.com\/wp-content\/uploads\/2024\/09\/A191A4DF-3610-428C-B105-CAE42CB7F574.jpeg 1360w\" sizes=\"(max-width: 1024px) 100vw, 1024px\" \/><\/a><\/figure>\n\n\n\n<figure class=\"wp-block-image size-large\"><a href=\"http:\/\/mysudafrica.com\/wp-content\/uploads\/2024\/09\/E1CD6A8D-B772-4A4D-8C3F-269E3134F4E1.jpeg\"><img loading=\"lazy\" decoding=\"async\" width=\"1024\" height=\"768\" data-id=\"4674\" src=\"http:\/\/mysudafrica.com\/wp-content\/uploads\/2024\/09\/E1CD6A8D-B772-4A4D-8C3F-269E3134F4E1-1024x768.jpeg\" alt=\"\" class=\"wp-image-4674\" srcset=\"http:\/\/mysudafrica.com\/wp-content\/uploads\/2024\/09\/E1CD6A8D-B772-4A4D-8C3F-269E3134F4E1-1024x768.jpeg 1024w, http:\/\/mysudafrica.com\/wp-content\/uploads\/2024\/09\/E1CD6A8D-B772-4A4D-8C3F-269E3134F4E1-300x225.jpeg 300w, http:\/\/mysudafrica.com\/wp-content\/uploads\/2024\/09\/E1CD6A8D-B772-4A4D-8C3F-269E3134F4E1-768x576.jpeg 768w, http:\/\/mysudafrica.com\/wp-content\/uploads\/2024\/09\/E1CD6A8D-B772-4A4D-8C3F-269E3134F4E1-16x12.jpeg 16w, http:\/\/mysudafrica.com\/wp-content\/uploads\/2024\/09\/E1CD6A8D-B772-4A4D-8C3F-269E3134F4E1.jpeg 1360w\" sizes=\"(max-width: 1024px) 100vw, 1024px\" \/><\/a><\/figure>\n<\/figure>\n\n\n\n<p><strong>LABORIE WINE ESTATE<\/strong>: situata alle porte di Paarl Laborie offre varie soluzioni per la colazione e non solo. La colazione e il Farm Shop sono state le nostre esperienze preferite. Vi consiglio di prenotare .<\/p>\n\n\n\n<figure class=\"wp-block-gallery has-nested-images columns-default is-cropped wp-block-gallery-9 is-layout-flex wp-block-gallery-is-layout-flex\">\n<figure class=\"wp-block-image size-large\"><a href=\"http:\/\/mysudafrica.com\/wp-content\/uploads\/2024\/10\/A1D764D4-B957-429A-B7DC-B611F462560A-scaled.jpeg\"><img loading=\"lazy\" decoding=\"async\" width=\"576\" height=\"1024\" data-id=\"4678\" src=\"http:\/\/mysudafrica.com\/wp-content\/uploads\/2024\/10\/A1D764D4-B957-429A-B7DC-B611F462560A-576x1024.jpeg\" alt=\"\" class=\"wp-image-4678\" srcset=\"http:\/\/mysudafrica.com\/wp-content\/uploads\/2024\/10\/A1D764D4-B957-429A-B7DC-B611F462560A-576x1024.jpeg 576w, http:\/\/mysudafrica.com\/wp-content\/uploads\/2024\/10\/A1D764D4-B957-429A-B7DC-B611F462560A-169x300.jpeg 169w, http:\/\/mysudafrica.com\/wp-content\/uploads\/2024\/10\/A1D764D4-B957-429A-B7DC-B611F462560A-768x1365.jpeg 768w, http:\/\/mysudafrica.com\/wp-content\/uploads\/2024\/10\/A1D764D4-B957-429A-B7DC-B611F462560A-864x1536.jpeg 864w, http:\/\/mysudafrica.com\/wp-content\/uploads\/2024\/10\/A1D764D4-B957-429A-B7DC-B611F462560A-1152x2048.jpeg 1152w, http:\/\/mysudafrica.com\/wp-content\/uploads\/2024\/10\/A1D764D4-B957-429A-B7DC-B611F462560A-7x12.jpeg 7w, http:\/\/mysudafrica.com\/wp-content\/uploads\/2024\/10\/A1D764D4-B957-429A-B7DC-B611F462560A-scaled.jpeg 1440w\" sizes=\"(max-width: 576px) 100vw, 576px\" \/><\/a><\/figure>\n\n\n\n<figure class=\"wp-block-image size-large\"><a href=\"http:\/\/mysudafrica.com\/wp-content\/uploads\/2024\/10\/1DD3BF5E-32DA-4BF6-8C21-3A61A63F4F5E-scaled.jpeg\"><img loading=\"lazy\" decoding=\"async\" width=\"768\" height=\"1024\" data-id=\"4679\" src=\"http:\/\/mysudafrica.com\/wp-content\/uploads\/2024\/10\/1DD3BF5E-32DA-4BF6-8C21-3A61A63F4F5E-768x1024.jpeg\" alt=\"\" class=\"wp-image-4679\" srcset=\"http:\/\/mysudafrica.com\/wp-content\/uploads\/2024\/10\/1DD3BF5E-32DA-4BF6-8C21-3A61A63F4F5E-768x1024.jpeg 768w, http:\/\/mysudafrica.com\/wp-content\/uploads\/2024\/10\/1DD3BF5E-32DA-4BF6-8C21-3A61A63F4F5E-225x300.jpeg 225w, http:\/\/mysudafrica.com\/wp-content\/uploads\/2024\/10\/1DD3BF5E-32DA-4BF6-8C21-3A61A63F4F5E-1152x1536.jpeg 1152w, http:\/\/mysudafrica.com\/wp-content\/uploads\/2024\/10\/1DD3BF5E-32DA-4BF6-8C21-3A61A63F4F5E-1536x2048.jpeg 1536w, http:\/\/mysudafrica.com\/wp-content\/uploads\/2024\/10\/1DD3BF5E-32DA-4BF6-8C21-3A61A63F4F5E-9x12.jpeg 9w, http:\/\/mysudafrica.com\/wp-content\/uploads\/2024\/10\/1DD3BF5E-32DA-4BF6-8C21-3A61A63F4F5E-scaled.jpeg 1920w\" sizes=\"(max-width: 768px) 100vw, 768px\" \/><\/a><\/figure>\n\n\n\n<figure class=\"wp-block-image size-large\"><a href=\"http:\/\/mysudafrica.com\/wp-content\/uploads\/2024\/10\/5291869E-4C51-499D-8D53-EF5DB982CEB6-scaled.jpeg\"><img loading=\"lazy\" decoding=\"async\" width=\"768\" height=\"1024\" data-id=\"4680\" src=\"http:\/\/mysudafrica.com\/wp-content\/uploads\/2024\/10\/5291869E-4C51-499D-8D53-EF5DB982CEB6-768x1024.jpeg\" alt=\"\" class=\"wp-image-4680\" srcset=\"http:\/\/mysudafrica.com\/wp-content\/uploads\/2024\/10\/5291869E-4C51-499D-8D53-EF5DB982CEB6-768x1024.jpeg 768w, http:\/\/mysudafrica.com\/wp-content\/uploads\/2024\/10\/5291869E-4C51-499D-8D53-EF5DB982CEB6-225x300.jpeg 225w, http:\/\/mysudafrica.com\/wp-content\/uploads\/2024\/10\/5291869E-4C51-499D-8D53-EF5DB982CEB6-1152x1536.jpeg 1152w, http:\/\/mysudafrica.com\/wp-content\/uploads\/2024\/10\/5291869E-4C51-499D-8D53-EF5DB982CEB6-1536x2048.jpeg 1536w, http:\/\/mysudafrica.com\/wp-content\/uploads\/2024\/10\/5291869E-4C51-499D-8D53-EF5DB982CEB6-9x12.jpeg 9w, http:\/\/mysudafrica.com\/wp-content\/uploads\/2024\/10\/5291869E-4C51-499D-8D53-EF5DB982CEB6-scaled.jpeg 1920w\" sizes=\"(max-width: 768px) 100vw, 768px\" \/><\/a><\/figure>\n<\/figure>\n\n\n\n<p><strong>LIEVLAND VINEYARD<\/strong><\/p>\n\n\n\n<p>Lievland che in Afrikaans significa &#8220;Loveland&#8221; \u00e8 una fattoria storica con una lunga storia bizzarra, famosa per il suo iconico Shiraz. Oltre a visitare l&#8217;azienda e fare il wine tasting, vi consiglio di arrivare per la colazione . L&#8217;ambiente \u00e8 molto accogliente, e si mangia divinamente . Prenotate anche il giorno prima , cos\u00ec vi assicurate il tavolo .<\/p>\n\n\n\n<figure class=\"wp-block-gallery has-nested-images columns-default is-cropped wp-block-gallery-10 is-layout-flex wp-block-gallery-is-layout-flex\">\n<figure class=\"wp-block-image size-large\"><a href=\"http:\/\/mysudafrica.com\/wp-content\/uploads\/2024\/10\/BA7D8B00-101C-4D58-BA42-43C290F86B4D-1.png\"><img loading=\"lazy\" decoding=\"async\" width=\"720\" height=\"720\" data-id=\"4688\" src=\"http:\/\/mysudafrica.com\/wp-content\/uploads\/2024\/10\/BA7D8B00-101C-4D58-BA42-43C290F86B4D-1.png\" alt=\"\" class=\"wp-image-4688\" srcset=\"http:\/\/mysudafrica.com\/wp-content\/uploads\/2024\/10\/BA7D8B00-101C-4D58-BA42-43C290F86B4D-1.png 720w, http:\/\/mysudafrica.com\/wp-content\/uploads\/2024\/10\/BA7D8B00-101C-4D58-BA42-43C290F86B4D-1-300x300.png 300w, http:\/\/mysudafrica.com\/wp-content\/uploads\/2024\/10\/BA7D8B00-101C-4D58-BA42-43C290F86B4D-1-150x150.png 150w, http:\/\/mysudafrica.com\/wp-content\/uploads\/2024\/10\/BA7D8B00-101C-4D58-BA42-43C290F86B4D-1-12x12.png 12w\" sizes=\"(max-width: 720px) 100vw, 720px\" \/><\/a><\/figure>\n\n\n\n<figure class=\"wp-block-image size-large\"><a href=\"http:\/\/mysudafrica.com\/wp-content\/uploads\/2024\/10\/B1543A05-80E4-46C7-B281-2D077BF521F5.jpeg\"><img loading=\"lazy\" decoding=\"async\" width=\"765\" height=\"1020\" data-id=\"4686\" src=\"http:\/\/mysudafrica.com\/wp-content\/uploads\/2024\/10\/B1543A05-80E4-46C7-B281-2D077BF521F5.jpeg\" alt=\"\" class=\"wp-image-4686\" srcset=\"http:\/\/mysudafrica.com\/wp-content\/uploads\/2024\/10\/B1543A05-80E4-46C7-B281-2D077BF521F5.jpeg 765w, http:\/\/mysudafrica.com\/wp-content\/uploads\/2024\/10\/B1543A05-80E4-46C7-B281-2D077BF521F5-225x300.jpeg 225w, http:\/\/mysudafrica.com\/wp-content\/uploads\/2024\/10\/B1543A05-80E4-46C7-B281-2D077BF521F5-9x12.jpeg 9w\" sizes=\"(max-width: 765px) 100vw, 765px\" \/><\/a><\/figure>\n\n\n\n<figure class=\"wp-block-image size-large\"><a href=\"http:\/\/mysudafrica.com\/wp-content\/uploads\/2024\/10\/AE510585-CE5B-4BB2-B7CA-7D17049B8BE6.png\"><img loading=\"lazy\" decoding=\"async\" width=\"574\" height=\"1020\" data-id=\"4687\" src=\"http:\/\/mysudafrica.com\/wp-content\/uploads\/2024\/10\/AE510585-CE5B-4BB2-B7CA-7D17049B8BE6.png\" alt=\"\" class=\"wp-image-4687\" srcset=\"http:\/\/mysudafrica.com\/wp-content\/uploads\/2024\/10\/AE510585-CE5B-4BB2-B7CA-7D17049B8BE6.png 574w, http:\/\/mysudafrica.com\/wp-content\/uploads\/2024\/10\/AE510585-CE5B-4BB2-B7CA-7D17049B8BE6-169x300.png 169w, http:\/\/mysudafrica.com\/wp-content\/uploads\/2024\/10\/AE510585-CE5B-4BB2-B7CA-7D17049B8BE6-7x12.png 7w\" sizes=\"(max-width: 574px) 100vw, 574px\" \/><\/a><\/figure>\n<\/figure>\n\n\n\n<p><strong>ALLOGGI<\/strong><\/p>\n\n\n\n<p><\/p>\n\n\n\n<p>La citt\u00e0 offre deliziose soluzioni a buoni prezzi , rispetto alle altre Cape Winelands e sopratutto essendo a met\u00e0 strada tra Franschhoek e Stellenbosch \u00e8 perfetta per visitare le zone vinicole. Quando soggiorniamo nelle Cape Winelands ci piace sempre dormire qualche giorno in questa citt\u00e0 vinicola, perch\u00e8 ci piace la sua tranquillit\u00e0 , un fascino di campagna senza tempo e sopratutto attivit\u00e0 e luoghi interessanti da vedere.<\/p>\n\n\n\n<p><strong>DENNEBOOM VINEYARD<\/strong> <strong>&amp; WILDLIFE<\/strong><\/p>\n\n\n\n<p>Un azienda agricola attiva che appartiene alla famiglia <strong>De Waal<\/strong> da oltre tre generazioni. L&#8217;azienda agricola si trova nella bellissima valle di Voor-Paardeberg, rinomata per ala sua bellezza i vini, l&#8217;olio d&#8217;oliva e i prodotti freschi. Noi abbiamo soggiornato in uno dei bellissimi cottage presenti all&#8217;interno della fattoria; abbiamo scelto quello situato nella zona pi\u00f9 esterna proprio dove c&#8217;\u00e8 la possibilit\u00e0 di vedere Zebre, Springboks e altri animali selvatici.<\/p>\n\n\n\n<p>L&#8217;esperienza \u00e8 stata straordinaria, perfetto per le famiglie , se volete staccare qualche giorno e rilassarvi in mezzo alla natura. C&#8217;\u00e8 una zona Braai esterna fantastica e un tavolo dove pranzare o fare colazione, accompagnati dai suoni della natura. I cottage sono super attrezzati, arredati benissimo, e confortevoli; noi avevamo un caminetto in salotto, le due camere erano dotate di pompe di calore, perfette per la stagione invernale , dormire al caldo  era un toccasana. In oltre la casa ha delle batterie di accumulo per qui non avrete problemi per quanto riguarda l&#8217;elettricit\u00e0. Abbiamo passato tre giorni meravigliosi, coccolati dal caminetto durante le mattinate di pioggia, le corse della nostra bimba, alla ricerca delle papperete nel laghetto di fronte e i suoni della natura.<\/p>\n\n\n\n<figure class=\"wp-block-gallery has-nested-images columns-default is-cropped wp-block-gallery-11 is-layout-flex wp-block-gallery-is-layout-flex\">\n<figure class=\"wp-block-image size-large\"><a href=\"http:\/\/mysudafrica.com\/wp-content\/uploads\/2024\/09\/6518C4E1-8578-4B83-9201-D51182568C97-1-scaled.jpeg\"><img loading=\"lazy\" decoding=\"async\" width=\"1024\" height=\"576\" data-id=\"4629\" src=\"http:\/\/mysudafrica.com\/wp-content\/uploads\/2024\/09\/6518C4E1-8578-4B83-9201-D51182568C97-1-1024x576.jpeg\" alt=\"\" class=\"wp-image-4629\" srcset=\"http:\/\/mysudafrica.com\/wp-content\/uploads\/2024\/09\/6518C4E1-8578-4B83-9201-D51182568C97-1-1024x576.jpeg 1024w, http:\/\/mysudafrica.com\/wp-content\/uploads\/2024\/09\/6518C4E1-8578-4B83-9201-D51182568C97-1-300x169.jpeg 300w, http:\/\/mysudafrica.com\/wp-content\/uploads\/2024\/09\/6518C4E1-8578-4B83-9201-D51182568C97-1-768x432.jpeg 768w, http:\/\/mysudafrica.com\/wp-content\/uploads\/2024\/09\/6518C4E1-8578-4B83-9201-D51182568C97-1-1536x864.jpeg 1536w, http:\/\/mysudafrica.com\/wp-content\/uploads\/2024\/09\/6518C4E1-8578-4B83-9201-D51182568C97-1-2048x1152.jpeg 2048w, http:\/\/mysudafrica.com\/wp-content\/uploads\/2024\/09\/6518C4E1-8578-4B83-9201-D51182568C97-1-18x10.jpeg 18w\" sizes=\"(max-width: 1024px) 100vw, 1024px\" \/><\/a><\/figure>\n\n\n\n<figure class=\"wp-block-image size-large\"><a href=\"http:\/\/mysudafrica.com\/wp-content\/uploads\/2024\/09\/F29DB3BC-1556-4F20-BB62-F91B94BB3C66-scaled.jpeg\"><img loading=\"lazy\" decoding=\"async\" width=\"576\" height=\"1024\" data-id=\"4626\" src=\"http:\/\/mysudafrica.com\/wp-content\/uploads\/2024\/09\/F29DB3BC-1556-4F20-BB62-F91B94BB3C66-576x1024.jpeg\" alt=\"\" class=\"wp-image-4626\" srcset=\"http:\/\/mysudafrica.com\/wp-content\/uploads\/2024\/09\/F29DB3BC-1556-4F20-BB62-F91B94BB3C66-576x1024.jpeg 576w, http:\/\/mysudafrica.com\/wp-content\/uploads\/2024\/09\/F29DB3BC-1556-4F20-BB62-F91B94BB3C66-169x300.jpeg 169w, http:\/\/mysudafrica.com\/wp-content\/uploads\/2024\/09\/F29DB3BC-1556-4F20-BB62-F91B94BB3C66-768x1365.jpeg 768w, http:\/\/mysudafrica.com\/wp-content\/uploads\/2024\/09\/F29DB3BC-1556-4F20-BB62-F91B94BB3C66-864x1536.jpeg 864w, http:\/\/mysudafrica.com\/wp-content\/uploads\/2024\/09\/F29DB3BC-1556-4F20-BB62-F91B94BB3C66-1152x2048.jpeg 1152w, http:\/\/mysudafrica.com\/wp-content\/uploads\/2024\/09\/F29DB3BC-1556-4F20-BB62-F91B94BB3C66-7x12.jpeg 7w, http:\/\/mysudafrica.com\/wp-content\/uploads\/2024\/09\/F29DB3BC-1556-4F20-BB62-F91B94BB3C66-scaled.jpeg 1440w\" sizes=\"(max-width: 576px) 100vw, 576px\" \/><\/a><\/figure>\n\n\n\n<figure class=\"wp-block-image size-large\"><a href=\"http:\/\/mysudafrica.com\/wp-content\/uploads\/2024\/09\/3ACCE46C-5E0B-4C66-8214-334EE32A48F7-scaled.jpeg\"><img loading=\"lazy\" decoding=\"async\" width=\"576\" height=\"1024\" data-id=\"4627\" src=\"http:\/\/mysudafrica.com\/wp-content\/uploads\/2024\/09\/3ACCE46C-5E0B-4C66-8214-334EE32A48F7-576x1024.jpeg\" alt=\"\" class=\"wp-image-4627\" srcset=\"http:\/\/mysudafrica.com\/wp-content\/uploads\/2024\/09\/3ACCE46C-5E0B-4C66-8214-334EE32A48F7-576x1024.jpeg 576w, http:\/\/mysudafrica.com\/wp-content\/uploads\/2024\/09\/3ACCE46C-5E0B-4C66-8214-334EE32A48F7-169x300.jpeg 169w, http:\/\/mysudafrica.com\/wp-content\/uploads\/2024\/09\/3ACCE46C-5E0B-4C66-8214-334EE32A48F7-768x1365.jpeg 768w, http:\/\/mysudafrica.com\/wp-content\/uploads\/2024\/09\/3ACCE46C-5E0B-4C66-8214-334EE32A48F7-864x1536.jpeg 864w, http:\/\/mysudafrica.com\/wp-content\/uploads\/2024\/09\/3ACCE46C-5E0B-4C66-8214-334EE32A48F7-1152x2048.jpeg 1152w, http:\/\/mysudafrica.com\/wp-content\/uploads\/2024\/09\/3ACCE46C-5E0B-4C66-8214-334EE32A48F7-7x12.jpeg 7w, http:\/\/mysudafrica.com\/wp-content\/uploads\/2024\/09\/3ACCE46C-5E0B-4C66-8214-334EE32A48F7-scaled.jpeg 1440w\" sizes=\"(max-width: 576px) 100vw, 576px\" \/><\/a><\/figure>\n\n\n\n<figure class=\"wp-block-image size-large\"><a href=\"http:\/\/mysudafrica.com\/wp-content\/uploads\/2024\/09\/F65387F8-E0C8-4DD6-ABBF-4E0624A74BC1.jpeg\"><img loading=\"lazy\" decoding=\"async\" width=\"1024\" height=\"683\" data-id=\"4628\" src=\"http:\/\/mysudafrica.com\/wp-content\/uploads\/2024\/09\/F65387F8-E0C8-4DD6-ABBF-4E0624A74BC1-1024x683.jpeg\" alt=\"\" class=\"wp-image-4628\" srcset=\"http:\/\/mysudafrica.com\/wp-content\/uploads\/2024\/09\/F65387F8-E0C8-4DD6-ABBF-4E0624A74BC1-1024x683.jpeg 1024w, http:\/\/mysudafrica.com\/wp-content\/uploads\/2024\/09\/F65387F8-E0C8-4DD6-ABBF-4E0624A74BC1-300x200.jpeg 300w, http:\/\/mysudafrica.com\/wp-content\/uploads\/2024\/09\/F65387F8-E0C8-4DD6-ABBF-4E0624A74BC1-768x512.jpeg 768w, http:\/\/mysudafrica.com\/wp-content\/uploads\/2024\/09\/F65387F8-E0C8-4DD6-ABBF-4E0624A74BC1-18x12.jpeg 18w, http:\/\/mysudafrica.com\/wp-content\/uploads\/2024\/09\/F65387F8-E0C8-4DD6-ABBF-4E0624A74BC1.jpeg 1200w\" sizes=\"(max-width: 1024px) 100vw, 1024px\" \/><\/a><\/figure>\n\n\n\n<figure class=\"wp-block-image size-large\"><a href=\"http:\/\/mysudafrica.com\/wp-content\/uploads\/2024\/09\/A10DD154-4E93-46E2-B689-2C7A9DFFD885.jpeg\"><img loading=\"lazy\" decoding=\"async\" width=\"1024\" height=\"724\" data-id=\"4630\" src=\"http:\/\/mysudafrica.com\/wp-content\/uploads\/2024\/09\/A10DD154-4E93-46E2-B689-2C7A9DFFD885-1024x724.jpeg\" alt=\"\" class=\"wp-image-4630\" srcset=\"http:\/\/mysudafrica.com\/wp-content\/uploads\/2024\/09\/A10DD154-4E93-46E2-B689-2C7A9DFFD885-1024x724.jpeg 1024w, http:\/\/mysudafrica.com\/wp-content\/uploads\/2024\/09\/A10DD154-4E93-46E2-B689-2C7A9DFFD885-300x212.jpeg 300w, http:\/\/mysudafrica.com\/wp-content\/uploads\/2024\/09\/A10DD154-4E93-46E2-B689-2C7A9DFFD885-768x543.jpeg 768w, http:\/\/mysudafrica.com\/wp-content\/uploads\/2024\/09\/A10DD154-4E93-46E2-B689-2C7A9DFFD885-18x12.jpeg 18w, http:\/\/mysudafrica.com\/wp-content\/uploads\/2024\/09\/A10DD154-4E93-46E2-B689-2C7A9DFFD885.jpeg 1440w\" sizes=\"(max-width: 1024px) 100vw, 1024px\" \/><\/a><\/figure>\n<\/figure>\n\n\n\n<p><strong>VOORUITSIG COTTAGE PAARL<\/strong><\/p>\n\n\n\n<p>Questo bellissimo cottage situato in un quartiere residenziale a Paarl, vi permette di vivere un esperienza pi\u00f9 cittadina, ma con la tranquillit\u00e0 di un bel quartiere e a breve distanza da tutti i servizi . La casa a livello architettonico \u00e8 moderna , arredata con gusto, con due camere da letto e due bagni, costruita sulla base di un container. Le bellissime vetrate regalano una vista bellissima sulla citt\u00e0 e sulle montagne circostanti. C&#8217;\u00e8 una piscina in comune con i proprietari che hanno la casa poco pi\u00f9 gi\u00f9, ma \u00e8 possibile utilizzarla, assieme ad un piccolo Braai. Noi abbiamo soggiornato tre notti , in una calda settimana estiva. La casa ci \u00e8 piaciuta tantissimo, ci ha permesso di godere delle belle serate in relax .<\/p>\n\n\n\n<figure class=\"wp-block-gallery has-nested-images columns-default is-cropped wp-block-gallery-12 is-layout-flex wp-block-gallery-is-layout-flex\">\n<figure class=\"wp-block-image size-large\"><a href=\"http:\/\/mysudafrica.com\/wp-content\/uploads\/2024\/09\/B0D71006-3812-4BED-AE66-4B55C1324B07-scaled.jpeg\"><img loading=\"lazy\" decoding=\"async\" width=\"768\" height=\"1024\" data-id=\"4633\" src=\"http:\/\/mysudafrica.com\/wp-content\/uploads\/2024\/09\/B0D71006-3812-4BED-AE66-4B55C1324B07-768x1024.jpeg\" alt=\"\" class=\"wp-image-4633\" srcset=\"http:\/\/mysudafrica.com\/wp-content\/uploads\/2024\/09\/B0D71006-3812-4BED-AE66-4B55C1324B07-768x1024.jpeg 768w, http:\/\/mysudafrica.com\/wp-content\/uploads\/2024\/09\/B0D71006-3812-4BED-AE66-4B55C1324B07-225x300.jpeg 225w, http:\/\/mysudafrica.com\/wp-content\/uploads\/2024\/09\/B0D71006-3812-4BED-AE66-4B55C1324B07-1152x1536.jpeg 1152w, http:\/\/mysudafrica.com\/wp-content\/uploads\/2024\/09\/B0D71006-3812-4BED-AE66-4B55C1324B07-1536x2048.jpeg 1536w, http:\/\/mysudafrica.com\/wp-content\/uploads\/2024\/09\/B0D71006-3812-4BED-AE66-4B55C1324B07-9x12.jpeg 9w, http:\/\/mysudafrica.com\/wp-content\/uploads\/2024\/09\/B0D71006-3812-4BED-AE66-4B55C1324B07-scaled.jpeg 1920w\" sizes=\"(max-width: 768px) 100vw, 768px\" \/><\/a><\/figure>\n\n\n\n<figure class=\"wp-block-image size-large\"><a href=\"http:\/\/mysudafrica.com\/wp-content\/uploads\/2024\/09\/8AC105E7-FE39-4D6C-9D1E-9A8A608F083D-scaled.jpeg\"><img loading=\"lazy\" decoding=\"async\" width=\"768\" height=\"1024\" data-id=\"4632\" src=\"http:\/\/mysudafrica.com\/wp-content\/uploads\/2024\/09\/8AC105E7-FE39-4D6C-9D1E-9A8A608F083D-768x1024.jpeg\" alt=\"\" class=\"wp-image-4632\" srcset=\"http:\/\/mysudafrica.com\/wp-content\/uploads\/2024\/09\/8AC105E7-FE39-4D6C-9D1E-9A8A608F083D-768x1024.jpeg 768w, http:\/\/mysudafrica.com\/wp-content\/uploads\/2024\/09\/8AC105E7-FE39-4D6C-9D1E-9A8A608F083D-225x300.jpeg 225w, http:\/\/mysudafrica.com\/wp-content\/uploads\/2024\/09\/8AC105E7-FE39-4D6C-9D1E-9A8A608F083D-1152x1536.jpeg 1152w, http:\/\/mysudafrica.com\/wp-content\/uploads\/2024\/09\/8AC105E7-FE39-4D6C-9D1E-9A8A608F083D-1536x2048.jpeg 1536w, http:\/\/mysudafrica.com\/wp-content\/uploads\/2024\/09\/8AC105E7-FE39-4D6C-9D1E-9A8A608F083D-9x12.jpeg 9w, http:\/\/mysudafrica.com\/wp-content\/uploads\/2024\/09\/8AC105E7-FE39-4D6C-9D1E-9A8A608F083D-scaled.jpeg 1920w\" sizes=\"(max-width: 768px) 100vw, 768px\" \/><\/a><\/figure>\n\n\n\n<figure class=\"wp-block-image size-large\"><a href=\"http:\/\/mysudafrica.com\/wp-content\/uploads\/2024\/09\/48730056-2207-4964-A626-2C3039224F45-scaled.jpg\"><img loading=\"lazy\" decoding=\"async\" width=\"576\" height=\"1024\" data-id=\"4635\" src=\"http:\/\/mysudafrica.com\/wp-content\/uploads\/2024\/09\/48730056-2207-4964-A626-2C3039224F45-576x1024.jpg\" alt=\"\" class=\"wp-image-4635\" srcset=\"http:\/\/mysudafrica.com\/wp-content\/uploads\/2024\/09\/48730056-2207-4964-A626-2C3039224F45-576x1024.jpg 576w, http:\/\/mysudafrica.com\/wp-content\/uploads\/2024\/09\/48730056-2207-4964-A626-2C3039224F45-169x300.jpg 169w, http:\/\/mysudafrica.com\/wp-content\/uploads\/2024\/09\/48730056-2207-4964-A626-2C3039224F45-768x1365.jpg 768w, http:\/\/mysudafrica.com\/wp-content\/uploads\/2024\/09\/48730056-2207-4964-A626-2C3039224F45-864x1536.jpg 864w, http:\/\/mysudafrica.com\/wp-content\/uploads\/2024\/09\/48730056-2207-4964-A626-2C3039224F45-1152x2048.jpg 1152w, http:\/\/mysudafrica.com\/wp-content\/uploads\/2024\/09\/48730056-2207-4964-A626-2C3039224F45-7x12.jpg 7w, http:\/\/mysudafrica.com\/wp-content\/uploads\/2024\/09\/48730056-2207-4964-A626-2C3039224F45-scaled.jpg 1440w\" sizes=\"(max-width: 576px) 100vw, 576px\" \/><\/a><\/figure>\n\n\n\n<figure class=\"wp-block-image size-large\"><a href=\"http:\/\/mysudafrica.com\/wp-content\/uploads\/2024\/09\/314E8AE5-2532-42A2-85E2-FF5A83A5DE06-scaled.jpg\"><img loading=\"lazy\" decoding=\"async\" width=\"768\" height=\"1024\" data-id=\"4636\" src=\"http:\/\/mysudafrica.com\/wp-content\/uploads\/2024\/09\/314E8AE5-2532-42A2-85E2-FF5A83A5DE06-768x1024.jpg\" alt=\"\" class=\"wp-image-4636\" srcset=\"http:\/\/mysudafrica.com\/wp-content\/uploads\/2024\/09\/314E8AE5-2532-42A2-85E2-FF5A83A5DE06-768x1024.jpg 768w, http:\/\/mysudafrica.com\/wp-content\/uploads\/2024\/09\/314E8AE5-2532-42A2-85E2-FF5A83A5DE06-225x300.jpg 225w, http:\/\/mysudafrica.com\/wp-content\/uploads\/2024\/09\/314E8AE5-2532-42A2-85E2-FF5A83A5DE06-1152x1536.jpg 1152w, http:\/\/mysudafrica.com\/wp-content\/uploads\/2024\/09\/314E8AE5-2532-42A2-85E2-FF5A83A5DE06-1536x2048.jpg 1536w, http:\/\/mysudafrica.com\/wp-content\/uploads\/2024\/09\/314E8AE5-2532-42A2-85E2-FF5A83A5DE06-9x12.jpg 9w, http:\/\/mysudafrica.com\/wp-content\/uploads\/2024\/09\/314E8AE5-2532-42A2-85E2-FF5A83A5DE06-scaled.jpg 1920w\" sizes=\"(max-width: 768px) 100vw, 768px\" \/><\/a><\/figure>\n<\/figure>\n\n\n\n<p>Paarl \u00e8 pi\u00f9 di una semplice cittadina storica che offre un viaggio nel tempo. Guidare attraverso la bellissima campagna circostante vi far\u00e0 scoprire la sua bellezza e attraverso i vini che vengono prodotti in questa zona vinicola vi sorprender\u00e0 ancora di pi\u00f9!<\/p>","protected":false},"excerpt":{"rendered":"<p>La cittadina storica di Paarl \u00e8 una perla nella valle di Drakenstein, fa parte del triangolo d&#8217;oro assieme a Stellenbosch e Franschhoek nella produzione vinicola, [&hellip;] <span class=\"read-more-link\"><a class=\"read-more\" href=\"http:\/\/mysudafrica.com\/en\/paarl\/\">Read More<\/a><\/span><\/p>","protected":false},"author":1,"featured_media":4691,"comment_status":"open","ping_status":"open","sticky":false,"template":"","format":"standard","meta":{"footnotes":""},"categories":[9],"tags":[],"yoast_head":"<!-- This site is optimized with the Yoast SEO plugin v18.9 - https:\/\/yoast.com\/wordpress\/plugins\/seo\/ -->\n<title>PAARL - MY SUDAFRICA<\/title>\n<meta name=\"robots\" content=\"index, follow, max-snippet:-1, max-image-preview:large, max-video-preview:-1\" \/>\n<link rel=\"canonical\" href=\"http:\/\/mysudafrica.com\/en\/paarl\/\" \/>\n<meta property=\"og:locale\" content=\"en_GB\" \/>\n<meta property=\"og:type\" content=\"article\" \/>\n<meta property=\"og:title\" content=\"PAARL - MY SUDAFRICA\" \/>\n<meta property=\"og:description\" content=\"La cittadina storica di Paarl \u00e8 una perla nella valle di Drakenstein, fa parte del triangolo d&#8217;oro assieme a Stellenbosch e Franschhoek nella produzione vinicola, [&hellip;] Read More\" \/>\n<meta property=\"og:url\" content=\"http:\/\/mysudafrica.com\/en\/paarl\/\" \/>\n<meta property=\"og:site_name\" content=\"MY SUDAFRICA\" \/>\n<meta property=\"article:publisher\" content=\"https:\/\/www.facebook.com\/mysudafrica\/\" \/>\n<meta property=\"article:author\" content=\"https:\/\/www.facebook.com\/mysudafrica\/?ref=bookmarks\" \/>\n<meta property=\"article:published_time\" content=\"2024-10-04T14:39:56+00:00\" \/>\n<meta property=\"article:modified_time\" content=\"2024-10-04T14:39:57+00:00\" \/>\n<meta property=\"og:image\" content=\"http:\/\/mysudafrica.com\/wp-content\/uploads\/2024\/10\/BB1273F5-4672-4443-8D79-1DE571376E0D-scaled.jpeg\" \/>\n\t<meta property=\"og:image:width\" content=\"2560\" \/>\n\t<meta property=\"og:image:height\" content=\"1707\" \/>\n\t<meta property=\"og:image:type\" content=\"image\/jpeg\" \/>\n<meta name=\"twitter:label1\" content=\"Written by\" \/>\n\t<meta name=\"twitter:data1\" content=\"admin\" \/>\n\t<meta name=\"twitter:label2\" content=\"Estimated reading time\" \/>\n\t<meta name=\"twitter:data2\" content=\"9 minutes\" \/>\n<script type=\"application\/ld+json\" class=\"yoast-schema-graph\">{\"@context\":\"https:\/\/schema.org\",\"@graph\":[{\"@type\":\"Organization\",\"@id\":\"http:\/\/mysudafrica.com\/#organization\",\"name\":\"My Sudafrica\",\"url\":\"http:\/\/mysudafrica.com\/\",\"sameAs\":[\"https:\/\/www.instagram.com\/mysudafrica\/\",\"https:\/\/www.facebook.com\/mysudafrica\/\",\"https:\/\/twitter.com\/mysudafrica\"],\"logo\":{\"@type\":\"ImageObject\",\"inLanguage\":\"en-GB\",\"@id\":\"http:\/\/mysudafrica.com\/#\/schema\/logo\/image\/\",\"url\":\"https:\/\/mysudafrica.com\/wp-content\/uploads\/2018\/12\/mysudafrica.jpg\",\"contentUrl\":\"https:\/\/mysudafrica.com\/wp-content\/uploads\/2018\/12\/mysudafrica.jpg\",\"width\":980,\"height\":980,\"caption\":\"My Sudafrica\"},\"image\":{\"@id\":\"http:\/\/mysudafrica.com\/#\/schema\/logo\/image\/\"}},{\"@type\":\"WebSite\",\"@id\":\"http:\/\/mysudafrica.com\/#website\",\"url\":\"http:\/\/mysudafrica.com\/\",\"name\":\"MY SUDAFRICA\",\"description\":\"Sudafrica dove ogni cosa &egrave; possibile\",\"publisher\":{\"@id\":\"http:\/\/mysudafrica.com\/#organization\"},\"potentialAction\":[{\"@type\":\"SearchAction\",\"target\":{\"@type\":\"EntryPoint\",\"urlTemplate\":\"http:\/\/mysudafrica.com\/?s={search_term_string}\"},\"query-input\":\"required name=search_term_string\"}],\"inLanguage\":\"en-GB\"},{\"@type\":\"ImageObject\",\"inLanguage\":\"en-GB\",\"@id\":\"http:\/\/mysudafrica.com\/paarl\/#primaryimage\",\"url\":\"http:\/\/mysudafrica.com\/wp-content\/uploads\/2024\/10\/BB1273F5-4672-4443-8D79-1DE571376E0D-scaled.jpeg\",\"contentUrl\":\"http:\/\/mysudafrica.com\/wp-content\/uploads\/2024\/10\/BB1273F5-4672-4443-8D79-1DE571376E0D-scaled.jpeg\",\"width\":2560,\"height\":1707},{\"@type\":\"WebPage\",\"@id\":\"http:\/\/mysudafrica.com\/paarl\/#webpage\",\"url\":\"http:\/\/mysudafrica.com\/paarl\/\",\"name\":\"PAARL - MY SUDAFRICA\",\"isPartOf\":{\"@id\":\"http:\/\/mysudafrica.com\/#website\"},\"primaryImageOfPage\":{\"@id\":\"http:\/\/mysudafrica.com\/paarl\/#primaryimage\"},\"datePublished\":\"2024-10-04T14:39:56+00:00\",\"dateModified\":\"2024-10-04T14:39:57+00:00\",\"breadcrumb\":{\"@id\":\"http:\/\/mysudafrica.com\/paarl\/#breadcrumb\"},\"inLanguage\":\"en-GB\",\"potentialAction\":[{\"@type\":\"ReadAction\",\"target\":[\"http:\/\/mysudafrica.com\/paarl\/\"]}]},{\"@type\":\"BreadcrumbList\",\"@id\":\"http:\/\/mysudafrica.com\/paarl\/#breadcrumb\",\"itemListElement\":[{\"@type\":\"ListItem\",\"position\":1,\"name\":\"Home\",\"item\":\"http:\/\/mysudafrica.com\/\"},{\"@type\":\"ListItem\",\"position\":2,\"name\":\"PAARL\"}]},{\"@type\":\"Article\",\"@id\":\"http:\/\/mysudafrica.com\/paarl\/#article\",\"isPartOf\":{\"@id\":\"http:\/\/mysudafrica.com\/paarl\/#webpage\"},\"author\":{\"@id\":\"http:\/\/mysudafrica.com\/#\/schema\/person\/9e8753fa58f4387399dd317f17086f46\"},\"headline\":\"PAARL\",\"datePublished\":\"2024-10-04T14:39:56+00:00\",\"dateModified\":\"2024-10-04T14:39:57+00:00\",\"mainEntityOfPage\":{\"@id\":\"http:\/\/mysudafrica.com\/paarl\/#webpage\"},\"wordCount\":1731,\"commentCount\":0,\"publisher\":{\"@id\":\"http:\/\/mysudafrica.com\/#organization\"},\"image\":{\"@id\":\"http:\/\/mysudafrica.com\/paarl\/#primaryimage\"},\"thumbnailUrl\":\"http:\/\/mysudafrica.com\/wp-content\/uploads\/2024\/10\/BB1273F5-4672-4443-8D79-1DE571376E0D-scaled.jpeg\",\"articleSection\":[\"Wine\"],\"inLanguage\":\"en-GB\",\"potentialAction\":[{\"@type\":\"CommentAction\",\"name\":\"Comment\",\"target\":[\"http:\/\/mysudafrica.com\/paarl\/#respond\"]}]},{\"@type\":\"Person\",\"@id\":\"http:\/\/mysudafrica.com\/#\/schema\/person\/9e8753fa58f4387399dd317f17086f46\",\"name\":\"admin\",\"image\":{\"@type\":\"ImageObject\",\"inLanguage\":\"en-GB\",\"@id\":\"http:\/\/mysudafrica.com\/#\/schema\/person\/image\/\",\"url\":\"http:\/\/1.gravatar.com\/avatar\/d9d9a8815a523508b1fe641d5d0e9c68?s=96&d=mm&r=g\",\"contentUrl\":\"http:\/\/1.gravatar.com\/avatar\/d9d9a8815a523508b1fe641d5d0e9c68?s=96&d=mm&r=g\",\"caption\":\"admin\"},\"sameAs\":[\"http:\/\/www.mysudafrica.com\",\"https:\/\/www.facebook.com\/mysudafrica\/?ref=bookmarks\",\"https:\/\/twitter.com\/mysudafrica\"],\"url\":\"http:\/\/mysudafrica.com\/en\/author\/admin\/\"}]}<\/script>\n<!-- \/ Yoast SEO plugin. -->","yoast_head_json":{"title":"PAARL - MY SUDAFRICA","robots":{"index":"index","follow":"follow","max-snippet":"max-snippet:-1","max-image-preview":"max-image-preview:large","max-video-preview":"max-video-preview:-1"},"canonical":"http:\/\/mysudafrica.com\/en\/paarl\/","og_locale":"en_GB","og_type":"article","og_title":"PAARL - MY SUDAFRICA","og_description":"La cittadina storica di Paarl \u00e8 una perla nella valle di Drakenstein, fa parte del triangolo d&#8217;oro assieme a Stellenbosch e Franschhoek nella produzione vinicola, [&hellip;] Read More","og_url":"http:\/\/mysudafrica.com\/en\/paarl\/","og_site_name":"MY SUDAFRICA","article_publisher":"https:\/\/www.facebook.com\/mysudafrica\/","article_author":"https:\/\/www.facebook.com\/mysudafrica\/?ref=bookmarks","article_published_time":"2024-10-04T14:39:56+00:00","article_modified_time":"2024-10-04T14:39:57+00:00","og_image":[{"width":2560,"height":1707,"url":"http:\/\/mysudafrica.com\/wp-content\/uploads\/2024\/10\/BB1273F5-4672-4443-8D79-1DE571376E0D-scaled.jpeg","type":"image\/jpeg"}],"twitter_misc":{"Written by":"admin","Estimated reading time":"9 minutes"},"schema":{"@context":"https:\/\/schema.org","@graph":[{"@type":"Organization","@id":"http:\/\/mysudafrica.com\/#organization","name":"My Sudafrica","url":"http:\/\/mysudafrica.com\/","sameAs":["https:\/\/www.instagram.com\/mysudafrica\/","https:\/\/www.facebook.com\/mysudafrica\/","https:\/\/twitter.com\/mysudafrica"],"logo":{"@type":"ImageObject","inLanguage":"en-GB","@id":"http:\/\/mysudafrica.com\/#\/schema\/logo\/image\/","url":"https:\/\/mysudafrica.com\/wp-content\/uploads\/2018\/12\/mysudafrica.jpg","contentUrl":"https:\/\/mysudafrica.com\/wp-content\/uploads\/2018\/12\/mysudafrica.jpg","width":980,"height":980,"caption":"My Sudafrica"},"image":{"@id":"http:\/\/mysudafrica.com\/#\/schema\/logo\/image\/"}},{"@type":"WebSite","@id":"http:\/\/mysudafrica.com\/#website","url":"http:\/\/mysudafrica.com\/","name":"MY SUDAFRICA","description":"Sudafrica dove ogni cosa &egrave; possibile","publisher":{"@id":"http:\/\/mysudafrica.com\/#organization"},"potentialAction":[{"@type":"SearchAction","target":{"@type":"EntryPoint","urlTemplate":"http:\/\/mysudafrica.com\/?s={search_term_string}"},"query-input":"required name=search_term_string"}],"inLanguage":"en-GB"},{"@type":"ImageObject","inLanguage":"en-GB","@id":"http:\/\/mysudafrica.com\/paarl\/#primaryimage","url":"http:\/\/mysudafrica.com\/wp-content\/uploads\/2024\/10\/BB1273F5-4672-4443-8D79-1DE571376E0D-scaled.jpeg","contentUrl":"http:\/\/mysudafrica.com\/wp-content\/uploads\/2024\/10\/BB1273F5-4672-4443-8D79-1DE571376E0D-scaled.jpeg","width":2560,"height":1707},{"@type":"WebPage","@id":"http:\/\/mysudafrica.com\/paarl\/#webpage","url":"http:\/\/mysudafrica.com\/paarl\/","name":"PAARL - MY SUDAFRICA","isPartOf":{"@id":"http:\/\/mysudafrica.com\/#website"},"primaryImageOfPage":{"@id":"http:\/\/mysudafrica.com\/paarl\/#primaryimage"},"datePublished":"2024-10-04T14:39:56+00:00","dateModified":"2024-10-04T14:39:57+00:00","breadcrumb":{"@id":"http:\/\/mysudafrica.com\/paarl\/#breadcrumb"},"inLanguage":"en-GB","potentialAction":[{"@type":"ReadAction","target":["http:\/\/mysudafrica.com\/paarl\/"]}]},{"@type":"BreadcrumbList","@id":"http:\/\/mysudafrica.com\/paarl\/#breadcrumb","itemListElement":[{"@type":"ListItem","position":1,"name":"Home","item":"http:\/\/mysudafrica.com\/"},{"@type":"ListItem","position":2,"name":"PAARL"}]},{"@type":"Article","@id":"http:\/\/mysudafrica.com\/paarl\/#article","isPartOf":{"@id":"http:\/\/mysudafrica.com\/paarl\/#webpage"},"author":{"@id":"http:\/\/mysudafrica.com\/#\/schema\/person\/9e8753fa58f4387399dd317f17086f46"},"headline":"PAARL","datePublished":"2024-10-04T14:39:56+00:00","dateModified":"2024-10-04T14:39:57+00:00","mainEntityOfPage":{"@id":"http:\/\/mysudafrica.com\/paarl\/#webpage"},"wordCount":1731,"commentCount":0,"publisher":{"@id":"http:\/\/mysudafrica.com\/#organization"},"image":{"@id":"http:\/\/mysudafrica.com\/paarl\/#primaryimage"},"thumbnailUrl":"http:\/\/mysudafrica.com\/wp-content\/uploads\/2024\/10\/BB1273F5-4672-4443-8D79-1DE571376E0D-scaled.jpeg","articleSection":["Wine"],"inLanguage":"en-GB","potentialAction":[{"@type":"CommentAction","name":"Comment","target":["http:\/\/mysudafrica.com\/paarl\/#respond"]}]},{"@type":"Person","@id":"http:\/\/mysudafrica.com\/#\/schema\/person\/9e8753fa58f4387399dd317f17086f46","name":"admin","image":{"@type":"ImageObject","inLanguage":"en-GB","@id":"http:\/\/mysudafrica.com\/#\/schema\/person\/image\/","url":"http:\/\/1.gravatar.com\/avatar\/d9d9a8815a523508b1fe641d5d0e9c68?s=96&d=mm&r=g","contentUrl":"http:\/\/1.gravatar.com\/avatar\/d9d9a8815a523508b1fe641d5d0e9c68?s=96&d=mm&r=g","caption":"admin"},"sameAs":["http:\/\/www.mysudafrica.com","https:\/\/www.facebook.com\/mysudafrica\/?ref=bookmarks","https:\/\/twitter.com\/mysudafrica"],"url":"http:\/\/mysudafrica.com\/en\/author\/admin\/"}]}},"_links":{"self":[{"href":"http:\/\/mysudafrica.com\/en\/wp-json\/wp\/v2\/posts\/4610"}],"collection":[{"href":"http:\/\/mysudafrica.com\/en\/wp-json\/wp\/v2\/posts"}],"about":[{"href":"http:\/\/mysudafrica.com\/en\/wp-json\/wp\/v2\/types\/post"}],"author":[{"embeddable":true,"href":"http:\/\/mysudafrica.com\/en\/wp-json\/wp\/v2\/users\/1"}],"replies":[{"embeddable":true,"href":"http:\/\/mysudafrica.com\/en\/wp-json\/wp\/v2\/comments?post=4610"}],"version-history":[{"count":31,"href":"http:\/\/mysudafrica.com\/en\/wp-json\/wp\/v2\/posts\/4610\/revisions"}],"predecessor-version":[{"id":4690,"href":"http:\/\/mysudafrica.com\/en\/wp-json\/wp\/v2\/posts\/4610\/revisions\/4690"}],"wp:featuredmedia":[{"embeddable":true,"href":"http:\/\/mysudafrica.com\/en\/wp-json\/wp\/v2\/media\/4691"}],"wp:attachment":[{"href":"http:\/\/mysudafrica.com\/en\/wp-json\/wp\/v2\/media?parent=4610"}],"wp:term":[{"taxonomy":"category","embeddable":true,"href":"http:\/\/mysudafrica.com\/en\/wp-json\/wp\/v2\/categories?post=4610"},{"taxonomy":"post_tag","embeddable":true,"href":"http:\/\/mysudafrica.com\/en\/wp-json\/wp\/v2\/tags?post=4610"}],"curies":[{"name":"wp","href":"https:\/\/api.w.org\/{rel}","templated":true}]}}